{"id":1043,"date":"2016-07-16T02:42:45","date_gmt":"2016-07-15T23:42:45","guid":{"rendered":"https:\/\/tesam.org.tr\/?p=1043"},"modified":"2016-11-07T09:56:14","modified_gmt":"2016-11-07T07:56:14","slug":"tesiad-genel-baskani-ve-tesam-onursal-baskani-ilyas-bozkurtun-darbe-gecesi-yaptigi-ilk-aciklama","status":"publish","type":"post","link":"https:\/\/tesam.org.tr\/en\/tesiad-genel-baskani-ve-tesam-onursal-baskani-ilyas-bozkurtun-darbe-gecesi-yaptigi-ilk-aciklama\/","title":{"rendered":"TES\u0130AD Genel Ba\u015fkan\u0131 ve TESAM Onursal Ba\u015fkan\u0131 \u0130lyas Bozkurt\u2019un Darbe Gecesi Yapt\u0131\u011f\u0131 \u0130lk A\u00e7\u0131klama"},"content":{"rendered":"<p><strong>TES\u0130AD Genel Ba\u015fkan\u0131 \u0130lyas Bozkurt\u2019un Darbe Gecesi Yapt\u0131\u011f\u0131 \u0130lk A\u00e7\u0131klama\u2026<\/strong><\/p>\n<p>\u201cHayat\u0131m boyunca hep demokrasinin \u00f6nemini vurgulad\u0131m ve \u015funu savundum: Se\u00e7imle i\u015f ba\u015f\u0131na gelmi\u015f me\u015fru bir h\u00fck\u00fcmeti be\u011fenmeyebilir, ele\u015ftirebilir hatta se\u00e7imlerde oy kullanarak de\u011fi\u015ftirebilirsiniz.<br \/>\nDemokrasilerde se\u00e7imle i\u015f ba\u015f\u0131na gelen bir h\u00fck\u00fcmet ancak yine bir se\u00e7imle de\u011fi\u015febilir. Askeri bir darbe asla bir se\u00e7enek olarak tercih edilemez.<br \/>\nAskeri darbelerin bu \u00fclkeye hi\u00e7bir fayda getirmedi\u011fi hatta \u00e7ok b\u00fcy\u00fck zararlar verdi\u011fi a\u015fikard\u0131r.<br \/>\nEn k\u00f6t\u00fc demokrasi en iyi darbeden daha iyidir.<br \/>\n\u00dclkemize ve milletimize kar\u015f\u0131 giri\u015filen bu darbe giri\u015fimini \u015fiddetle k\u0131n\u0131yorum.\u201d<br \/>\n<strong>M.\u0130lyas BOZKURT<\/strong><\/p>","protected":false},"excerpt":{"rendered":"<p>TES\u0130AD Genel Ba\u015fkan\u0131 \u0130lyas Bozkurt\u2019un Darbe Gecesi Yapt\u0131\u011f\u0131 \u0130lk A\u00e7\u0131klama\u2026 \u201cHayat\u0131m boyunca hep demokrasinin \u00f6nemini vurgulad\u0131m ve \u015funu savundum: Se\u00e7imle i\u015f ba\u015f\u0131na gelmi\u015f me\u015fru bir h\u00fck\u00fcmeti be\u011fenmeyebilir, ele\u015ftirebilir hatta se\u00e7imlerde oy kullanarak de\u011fi\u015ftirebilirsiniz. Demokrasilerde se\u00e7imle i\u015f ba\u015f\u0131na gelen bir h\u00fck\u00fcmet ancak yine bir se\u00e7imle de\u011fi\u015febilir. Askeri bir darbe asla bir se\u00e7enek olarak tercih edilemez. Askeri &#8230;<\/p>","protected":false},"author":1,"featured_media":1044,"comment_status":"closed","ping_status":"open","sticky":false,"template":"","format":"standard","meta":{"ngg_post_thumbnail":0},"categories":[66],"tags":[58,59,43],"_links":{"self":[{"href":"https:\/\/tesam.org.tr\/en\/wp-json\/wp\/v2\/posts\/1043"}],"collection":[{"href":"https:\/\/tesam.org.tr\/en\/wp-json\/wp\/v2\/posts"}],"about":[{"href":"https:\/\/tesam.org.tr\/en\/wp-json\/wp\/v2\/types\/post"}],"author":[{"embeddable":true,"href":"https:\/\/tesam.org.tr\/en\/wp-json\/wp\/v2\/users\/1"}],"replies":[{"embeddable":true,"href":"https:\/\/tesam.org.tr\/en\/wp-json\/wp\/v2\/comments?post=1043"}],"version-history":[{"count":1,"href":"https:\/\/tesam.org.tr\/en\/wp-json\/wp\/v2\/posts\/1043\/revisions"}],"predecessor-version":[{"id":1045,"href":"https:\/\/tesam.org.tr\/en\/wp-json\/wp\/v2\/posts\/1043\/revisions\/1045"}],"wp:featuredmedia":[{"embeddable":true,"href":"https:\/\/tesam.org.tr\/en\/wp-json\/wp\/v2\/media\/1044"}],"wp:attachment":[{"href":"https:\/\/tesam.org.tr\/en\/wp-json\/wp\/v2\/media?parent=1043"}],"wp:term":[{"taxonomy":"category","embeddable":true,"href":"https:\/\/tesam.org.tr\/en\/wp-json\/wp\/v2\/categories?post=1043"},{"taxonomy":"post_tag","embeddable":true,"href":"https:\/\/tesam.org.tr\/en\/wp-json\/wp\/v2\/tags?post=1043"}],"curies":[{"name":"wp","href":"https:\/\/api.w.org\/{rel}","templated":true}]}}