{"id":1521,"date":"2017-11-03T13:29:43","date_gmt":"2017-11-03T11:29:43","guid":{"rendered":"https:\/\/tesam.org.tr\/?p=1521"},"modified":"2017-11-20T11:19:30","modified_gmt":"2017-11-20T09:19:30","slug":"ii-uluslararasi-sosyal-bilimler-kongresi-4-oturum","status":"publish","type":"post","link":"https:\/\/tesam.org.tr\/en\/ii-uluslararasi-sosyal-bilimler-kongresi-4-oturum\/","title":{"rendered":"II. Uluslararas\u0131 Sosyal Bilimler Kongresi 4. Oturum"},"content":{"rendered":"<p>Oturum ba\u015fkanl\u0131\u011f\u0131n\u0131 da yapt\u0131\u011f\u0131 \u201cT\u00fcrkiye\u2019nin Gelece\u011fi ve Hukuk\u201d konulu 4. oturumda Uluda\u011f \u00dcniversitesinden Prof. Dr. Kamuran RE\u00c7BER \u201cT\u00fcrkiye \u0130le Amerika Birle\u015fik Devletleri Aras\u0131ndaki Vize Krizinin Uluslararas\u0131 Hukuk A\u00e7\u0131s\u0131ndan De\u011ferlendirilmesi\u201d konulu sunumunu ger\u00e7ekle\u015ftirdi. Ard\u0131ndan Ankara \u00dcniversitesinden Ar\u015f. G\u00f6r. Dr. Dr. Nas\u0131h Sarp ERG\u00dcVEN \u201cDeniz G\u00fcvenli\u011finin De\u011fi\u015fen G\u00fcndeminde T\u00fcrkiye Cumhuriyeti\u2019nin Konumu\u201d ba\u015fl\u0131kl\u0131 sunumunu yapt\u0131. Son olarak ise Uluda\u011f \u00dcniversitesinden Ar\u015f. G\u00f6r. Dr. Ali Burak DARICILI \u201cEdward Snowden Olay\u0131 Kapsam\u0131nda Rusya Federasyonu ve Amerika Birle\u015fik Devletleri Aras\u0131ndaki Siber M\u00fccadelenin Analizi\u201d ba\u015fl\u0131kl\u0131 sunumunu yapt\u0131. Oturumun ard\u0131ndan Prof. Dr. Kamuran RE\u00c7BER kat\u0131l\u0131mc\u0131lara sertifikalar\u0131n\u0131 ve hediyelerini verdi.<\/p>\n\n        <style type='text\/css'>\n            #gallery-1 {\n                margin: auto;\n            }\n            #gallery-1 .gallery-item {\n                float: left;\n                margin-top: 10px;\n                text-align: center;\n                width: 20%;           }\n            #gallery-1 img {\n                border: 2px solid #cfcfcf;\n            }\n            #gallery-1 .gallery-caption {\n                margin-left: 0;\n            }\n        <\/style>\n        <!-- see gallery_shortcode() in wp-includes\/media.php -->\n        <div id='gallery-1' class='gallery-images gallery galleryid-1521'><dl class='gallery-item'>\n            <dt class='gallery-icon'>\n                <a href='https:\/\/tesam.org.tr\/wp-content\/uploads\/2017\/11\/6.jpg'><img width=\"200\" height=\"300\" src=\"https:\/\/tesam.org.tr\/wp-content\/uploads\/2017\/11\/6-200x300.jpg\" class=\"attachment-medium size-medium\" alt=\"\" decoding=\"async\" loading=\"lazy\" srcset=\"https:\/\/tesam.org.tr\/wp-content\/uploads\/2017\/11\/6-200x300.jpg 200w, https:\/\/tesam.org.tr\/wp-content\/uploads\/2017\/11\/6-768x1152.jpg 768w, https:\/\/tesam.org.tr\/wp-content\/uploads\/2017\/11\/6.jpg 1000w\" sizes=\"(max-width: 200px) 100vw, 200px\" \/><\/a>\n            <\/dt><\/dl><dl class='gallery-item'>\n            <dt class='gallery-icon'>\n                <a href='https:\/\/tesam.org.tr\/wp-content\/uploads\/2017\/11\/5.jpg'><img width=\"300\" height=\"200\" src=\"https:\/\/tesam.org.tr\/wp-content\/uploads\/2017\/11\/5-300x200.jpg\" class=\"attachment-medium size-medium\" alt=\"\" decoding=\"async\" loading=\"lazy\" srcset=\"https:\/\/tesam.org.tr\/wp-content\/uploads\/2017\/11\/5-300x200.jpg 300w, https:\/\/tesam.org.tr\/wp-content\/uploads\/2017\/11\/5-768x512.jpg 768w, https:\/\/tesam.org.tr\/wp-content\/uploads\/2017\/11\/5.jpg 1000w\" sizes=\"(max-width: 300px) 100vw, 300px\" \/><\/a>\n            <\/dt><\/dl><dl class='gallery-item'>\n            <dt class='gallery-icon'>\n                <a href='https:\/\/tesam.org.tr\/wp-content\/uploads\/2017\/11\/3.jpg'><img width=\"300\" height=\"200\" src=\"https:\/\/tesam.org.tr\/wp-content\/uploads\/2017\/11\/3-300x200.jpg\" class=\"attachment-medium size-medium\" alt=\"\" decoding=\"async\" loading=\"lazy\" srcset=\"https:\/\/tesam.org.tr\/wp-content\/uploads\/2017\/11\/3-300x200.jpg 300w, https:\/\/tesam.org.tr\/wp-content\/uploads\/2017\/11\/3-768x512.jpg 768w, https:\/\/tesam.org.tr\/wp-content\/uploads\/2017\/11\/3.jpg 1000w\" sizes=\"(max-width: 300px) 100vw, 300px\" \/><\/a>\n            <\/dt><\/dl><dl class='gallery-item'>\n            <dt class='gallery-icon'>\n                <a href='https:\/\/tesam.org.tr\/wp-content\/uploads\/2017\/11\/2.jpg'><img width=\"300\" height=\"200\" src=\"https:\/\/tesam.org.tr\/wp-content\/uploads\/2017\/11\/2-300x200.jpg\" class=\"attachment-medium size-medium\" alt=\"\" decoding=\"async\" loading=\"lazy\" srcset=\"https:\/\/tesam.org.tr\/wp-content\/uploads\/2017\/11\/2-300x200.jpg 300w, https:\/\/tesam.org.tr\/wp-content\/uploads\/2017\/11\/2-768x512.jpg 768w, https:\/\/tesam.org.tr\/wp-content\/uploads\/2017\/11\/2.jpg 1000w\" sizes=\"(max-width: 300px) 100vw, 300px\" \/><\/a>\n            <\/dt><\/dl><dl class='gallery-item'>\n            <dt class='gallery-icon'>\n                <a href='https:\/\/tesam.org.tr\/wp-content\/uploads\/2017\/11\/1.jpg'><img width=\"300\" height=\"200\" src=\"https:\/\/tesam.org.tr\/wp-content\/uploads\/2017\/11\/1-300x200.jpg\" class=\"attachment-medium size-medium\" alt=\"\" decoding=\"async\" loading=\"lazy\" srcset=\"https:\/\/tesam.org.tr\/wp-content\/uploads\/2017\/11\/1-300x200.jpg 300w, https:\/\/tesam.org.tr\/wp-content\/uploads\/2017\/11\/1-768x512.jpg 768w, https:\/\/tesam.org.tr\/wp-content\/uploads\/2017\/11\/1.jpg 1000w\" sizes=\"(max-width: 300px) 100vw, 300px\" \/><\/a>\n            <\/dt><\/dl><br style=\"clear: both\" \/>\n            <br style='clear: both;' \/>\n        <\/div>","protected":false},"excerpt":{"rendered":"<p>Oturum ba\u015fkanl\u0131\u011f\u0131n\u0131 da yapt\u0131\u011f\u0131 \u201cT\u00fcrkiye\u2019nin Gelece\u011fi ve Hukuk\u201d konulu 4. oturumda Uluda\u011f \u00dcniversitesinden Prof. Dr. Kamuran RE\u00c7BER \u201cT\u00fcrkiye \u0130le Amerika Birle\u015fik Devletleri Aras\u0131ndaki Vize Krizinin Uluslararas\u0131 Hukuk A\u00e7\u0131s\u0131ndan De\u011ferlendirilmesi\u201d konulu sunumunu ger\u00e7ekle\u015ftirdi. Ard\u0131ndan Ankara \u00dcniversitesinden Ar\u015f. G\u00f6r. Dr. Dr. Nas\u0131h Sarp ERG\u00dcVEN \u201cDeniz G\u00fcvenli\u011finin De\u011fi\u015fen G\u00fcndeminde T\u00fcrkiye Cumhuriyeti\u2019nin Konumu\u201d ba\u015fl\u0131kl\u0131 sunumunu yapt\u0131. Son olarak ise &#8230;<\/p>","protected":false},"author":1,"featured_media":1525,"comment_status":"closed","ping_status":"open","sticky":false,"template":"","format":"standard","meta":{"ngg_post_thumbnail":0},"categories":[68],"tags":[],"_links":{"self":[{"href":"https:\/\/tesam.org.tr\/en\/wp-json\/wp\/v2\/posts\/1521"}],"collection":[{"href":"https:\/\/tesam.org.tr\/en\/wp-json\/wp\/v2\/posts"}],"about":[{"href":"https:\/\/tesam.org.tr\/en\/wp-json\/wp\/v2\/types\/post"}],"author":[{"embeddable":true,"href":"https:\/\/tesam.org.tr\/en\/wp-json\/wp\/v2\/users\/1"}],"replies":[{"embeddable":true,"href":"https:\/\/tesam.org.tr\/en\/wp-json\/wp\/v2\/comments?post=1521"}],"version-history":[{"count":1,"href":"https:\/\/tesam.org.tr\/en\/wp-json\/wp\/v2\/posts\/1521\/revisions"}],"predecessor-version":[{"id":1528,"href":"https:\/\/tesam.org.tr\/en\/wp-json\/wp\/v2\/posts\/1521\/revisions\/1528"}],"wp:featuredmedia":[{"embeddable":true,"href":"https:\/\/tesam.org.tr\/en\/wp-json\/wp\/v2\/media\/1525"}],"wp:attachment":[{"href":"https:\/\/tesam.org.tr\/en\/wp-json\/wp\/v2\/media?parent=1521"}],"wp:term":[{"taxonomy":"category","embeddable":true,"href":"https:\/\/tesam.org.tr\/en\/wp-json\/wp\/v2\/categories?post=1521"},{"taxonomy":"post_tag","embeddable":true,"href":"https:\/\/tesam.org.tr\/en\/wp-json\/wp\/v2\/tags?post=1521"}],"curies":[{"name":"wp","href":"https:\/\/api.w.org\/{rel}","templated":true}]}}