{"id":1682,"date":"2018-03-28T14:21:56","date_gmt":"2018-03-28T11:21:56","guid":{"rendered":"https:\/\/tesam.org.tr\/?p=1682"},"modified":"2018-03-28T15:54:05","modified_gmt":"2018-03-28T12:54:05","slug":"1682-2","status":"publish","type":"post","link":"https:\/\/tesam.org.tr\/en\/1682-2\/","title":{"rendered":"Prof. Dr. \u0130lyas TOPSAKAL&#8217;\u0131n, TESAM Genel Merkezini Ziyaretinde T\u00fcrk D\u00fcnyas\u0131 Konu\u015fuldu"},"content":{"rendered":"<p>\u0130stanbul \u00dcniversitesi Tarih B\u00f6l\u00fcm\u00fc Anabilim Dal\u0131 Ba\u015fkan\u0131 Prof. Dr. \u0130lyas TOPSAKAL, TESAM Genel Merkezine ziyarette bulundu.<\/p>\n<p><img decoding=\"async\" loading=\"lazy\" class=\"aligncenter size-full wp-image-1630\" src=\"https:\/\/tesam.org.tr\/wp-content\/uploads\/2018\/03\/13.jpeg\" alt=\"\" width=\"1500\" height=\"827\" srcset=\"https:\/\/tesam.org.tr\/wp-content\/uploads\/2018\/03\/13.jpeg 1500w, https:\/\/tesam.org.tr\/wp-content\/uploads\/2018\/03\/13-300x165.jpeg 300w, https:\/\/tesam.org.tr\/wp-content\/uploads\/2018\/03\/13-768x423.jpeg 768w\" sizes=\"(max-width: 1500px) 100vw, 1500px\" \/><\/p>\n<p>TESAM Ba\u015fkan\u0131m\u0131z Say\u0131n Muhammet \u0130lyas BOZKURT, TESAM&#8217;\u0131n faaliyetleri hakk\u0131nda bilgi verdikten sonra gelecekte yap\u0131lacak projeler hakk\u0131nda g\u00f6r\u00fc\u015f al\u0131\u015fveri\u015finde bulunuldu.&nbsp;<\/p>\n<p>Prof. Dr. \u0130lyas TOPSAKAL, T\u00fcrk D\u00fcnyas\u0131&#8217;nda ge\u00e7mi\u015fte yapt\u0131\u011f\u0131 faaliyetleri anlatt\u0131. Bu b\u00f6lgede T\u00fcrkiye&#8217;nin daha aktif olmas\u0131 gerekti\u011fini ve bununda T\u00fcrk okullar\u0131na \u00f6nem verilerek yap\u0131labilece\u011fini dile getirdi. Ge\u00e7mi\u015f d\u00f6nemde yap\u0131lan hatalar\u0131n tekrarlanmamal\u0131d\u0131r ve yeni bir vizyonla ge\u00e7mi\u015fteki hatalardan dersler \u00e7\u0131kar\u0131larak hareket edilmelidir dedi.<\/p>\n\n        <style type='text\/css'>\n            #gallery-1 {\n                margin: auto;\n            }\n            #gallery-1 .gallery-item {\n                float: left;\n                margin-top: 10px;\n                text-align: center;\n                width: 33%;           }\n            #gallery-1 img {\n                border: 2px solid #cfcfcf;\n            }\n            #gallery-1 .gallery-caption {\n                margin-left: 0;\n            }\n        <\/style>\n        <!-- see gallery_shortcode() in wp-includes\/media.php -->\n        <div id='gallery-1' class='gallery galleryid-1682'><dl class='gallery-item'>\n            <dt class='gallery-icon'>\n                <a href='https:\/\/tesam.org.tr\/en\/topsakal-turklerin-gorevi-dunyaya-nizam-getirmek\/14-4\/'><img width=\"300\" height=\"199\" src=\"https:\/\/tesam.org.tr\/wp-content\/uploads\/2018\/03\/14-300x199.jpeg\" class=\"attachment-medium size-medium\" alt=\"\" decoding=\"async\" loading=\"lazy\" srcset=\"https:\/\/tesam.org.tr\/wp-content\/uploads\/2018\/03\/14-300x199.jpeg 300w, https:\/\/tesam.org.tr\/wp-content\/uploads\/2018\/03\/14-768x509.jpeg 768w, https:\/\/tesam.org.tr\/wp-content\/uploads\/2018\/03\/14.jpeg 1500w\" sizes=\"(max-width: 300px) 100vw, 300px\" \/><\/a>\n            <\/dt><\/dl><dl class='gallery-item'>\n            <dt class='gallery-icon'>\n                <a href='https:\/\/tesam.org.tr\/en\/topsakal-turklerin-gorevi-dunyaya-nizam-getirmek\/15-2\/'><img width=\"300\" height=\"199\" src=\"https:\/\/tesam.org.tr\/wp-content\/uploads\/2018\/03\/15-300x199.jpeg\" class=\"attachment-medium size-medium\" alt=\"\" decoding=\"async\" loading=\"lazy\" srcset=\"https:\/\/tesam.org.tr\/wp-content\/uploads\/2018\/03\/15-300x199.jpeg 300w, https:\/\/tesam.org.tr\/wp-content\/uploads\/2018\/03\/15-768x509.jpeg 768w, https:\/\/tesam.org.tr\/wp-content\/uploads\/2018\/03\/15.jpeg 1500w\" sizes=\"(max-width: 300px) 100vw, 300px\" \/><\/a>\n            <\/dt><\/dl><dl class='gallery-item'>\n            <dt class='gallery-icon'>\n                <a href='https:\/\/tesam.org.tr\/en\/topsakal-turklerin-gorevi-dunyaya-nizam-getirmek\/16-3\/'><img width=\"300\" height=\"199\" src=\"https:\/\/tesam.org.tr\/wp-content\/uploads\/2018\/03\/16-300x199.jpeg\" class=\"attachment-medium size-medium\" alt=\"\" decoding=\"async\" loading=\"lazy\" srcset=\"https:\/\/tesam.org.tr\/wp-content\/uploads\/2018\/03\/16-300x199.jpeg 300w, https:\/\/tesam.org.tr\/wp-content\/uploads\/2018\/03\/16-768x509.jpeg 768w, https:\/\/tesam.org.tr\/wp-content\/uploads\/2018\/03\/16.jpeg 1500w\" sizes=\"(max-width: 300px) 100vw, 300px\" \/><\/a>\n            <\/dt><\/dl><br style=\"clear: both\" \/>\n            <br style='clear: both;' \/>\n        <\/div>","protected":false},"excerpt":{"rendered":"<p>\u0130stanbul \u00dcniversitesi Tarih B\u00f6l\u00fcm\u00fc Anabilim Dal\u0131 Ba\u015fkan\u0131 Prof. Dr. \u0130lyas TOPSAKAL, TESAM Genel Merkezine ziyarette bulundu. TESAM Ba\u015fkan\u0131m\u0131z Say\u0131n Muhammet \u0130lyas BOZKURT, TESAM&#8217;\u0131n faaliyetleri hakk\u0131nda bilgi verdikten sonra gelecekte yap\u0131lacak projeler hakk\u0131nda g\u00f6r\u00fc\u015f al\u0131\u015fveri\u015finde bulunuldu.&nbsp; Prof. Dr. \u0130lyas TOPSAKAL, T\u00fcrk D\u00fcnyas\u0131&#8217;nda ge\u00e7mi\u015fte yapt\u0131\u011f\u0131 faaliyetleri anlatt\u0131. Bu b\u00f6lgede T\u00fcrkiye&#8217;nin daha aktif olmas\u0131 gerekti\u011fini ve bununda T\u00fcrk &#8230;<\/p>","protected":false},"author":1,"featured_media":1629,"comment_status":"closed","ping_status":"open","sticky":false,"template":"","format":"standard","meta":{"ngg_post_thumbnail":0},"categories":[66],"tags":[58,59,43],"_links":{"self":[{"href":"https:\/\/tesam.org.tr\/en\/wp-json\/wp\/v2\/posts\/1682"}],"collection":[{"href":"https:\/\/tesam.org.tr\/en\/wp-json\/wp\/v2\/posts"}],"about":[{"href":"https:\/\/tesam.org.tr\/en\/wp-json\/wp\/v2\/types\/post"}],"author":[{"embeddable":true,"href":"https:\/\/tesam.org.tr\/en\/wp-json\/wp\/v2\/users\/1"}],"replies":[{"embeddable":true,"href":"https:\/\/tesam.org.tr\/en\/wp-json\/wp\/v2\/comments?post=1682"}],"version-history":[{"count":2,"href":"https:\/\/tesam.org.tr\/en\/wp-json\/wp\/v2\/posts\/1682\/revisions"}],"predecessor-version":[{"id":1696,"href":"https:\/\/tesam.org.tr\/en\/wp-json\/wp\/v2\/posts\/1682\/revisions\/1696"}],"wp:featuredmedia":[{"embeddable":true,"href":"https:\/\/tesam.org.tr\/en\/wp-json\/wp\/v2\/media\/1629"}],"wp:attachment":[{"href":"https:\/\/tesam.org.tr\/en\/wp-json\/wp\/v2\/media?parent=1682"}],"wp:term":[{"taxonomy":"category","embeddable":true,"href":"https:\/\/tesam.org.tr\/en\/wp-json\/wp\/v2\/categories?post=1682"},{"taxonomy":"post_tag","embeddable":true,"href":"https:\/\/tesam.org.tr\/en\/wp-json\/wp\/v2\/tags?post=1682"}],"curies":[{"name":"wp","href":"https:\/\/api.w.org\/{rel}","templated":true}]}}