{"id":1685,"date":"2018-03-28T14:42:48","date_gmt":"2018-03-28T11:42:48","guid":{"rendered":"https:\/\/tesam.org.tr\/?p=1685"},"modified":"2018-03-29T16:37:40","modified_gmt":"2018-03-29T13:37:40","slug":"tesam-goc-sempozyumu-bildiri-kitabi-yayinlanmistir-2","status":"publish","type":"post","link":"https:\/\/tesam.org.tr\/en\/tesam-goc-sempozyumu-bildiri-kitabi-yayinlanmistir-2\/","title":{"rendered":"TESAM 2017 Kongre Bildiri Kitab\u0131 Yay\u0131nlanm\u0131\u015ft\u0131r"},"content":{"rendered":"<p><img decoding=\"async\" loading=\"lazy\" class=\"wp-image-1686 size-medium alignleft\" src=\"https:\/\/tesam.org.tr\/wp-content\/uploads\/2018\/03\/sempozyumkitapcigi-211x300.gif\" alt=\"\" width=\"211\" height=\"300\" srcset=\"https:\/\/tesam.org.tr\/wp-content\/uploads\/2018\/03\/sempozyumkitapcigi-211x300.gif 211w, https:\/\/tesam.org.tr\/wp-content\/uploads\/2018\/03\/sempozyumkitapcigi-768x1091.gif 768w\" sizes=\"(max-width: 211px) 100vw, 211px\" \/>TESAM ve Uluda\u011f \u00dcniversitesi \u0130ktisadi ve \u0130dari Bilimler Fak\u00fcltesi ortakl\u0131\u011f\u0131nda 1 -2 Kas\u0131m 2017 tarihlerinde <em>\u201cQuo Vadis T\u00fcrkiye?\u201d \u201cEkonomik, Siyasal, Sosyal ve G\u00fcvenlik Boyutlar\u0131yla T\u00fcrkiye\u2019nin Gelecekteki Konumu\u201d<\/em> ana ba\u015fl\u0131\u011f\u0131 alt\u0131nda TESAM II. Uluslararas\u0131 Sosyal Bilimler Kongresi\u2019ni d\u00fczenlemi\u015f olman\u0131n mutlulu\u011funu ya\u015famaktay\u0131z.<\/p>\n<p>Uluda\u011f \u00dcniversitesi Mete Cengiz K\u00fclt\u00fcr Merkezi\u2019nde bu y\u0131l ikincisini d\u00fczenlemi\u015f oldu\u011fumuz kongremize y\u00fcz\u2019den fazla yerli ve yabanc\u0131 bilim insan\u0131 ba\u015fvuruda bulunmu\u015ftur. Bilim kurulunda yer alan ba\u015fta T\u00fcrkiye olmak \u00fczere alt\u0131 farkl\u0131 \u00fclkeden hocalar\u0131m\u0131z\u0131n yapt\u0131\u011f\u0131 de\u011ferlendirmeler sonucunda, elli be\u015f yerli ve yabanc\u0131 bilim insan\u0131n\u0131n ba\u015fvurular\u0131 kabul edilmi\u015ftir.<\/p>\n<p><span style=\"color: #ff0000;\"><a style=\"color: #ff0000;\" href=\"https:\/\/tesam.org.tr\/wp-content\/uploads\/2018\/03\/TESAM-2017-KONGRE-Bildiri-Kitab\u0131-Interactive-1.pdf\">2017 Kongre Tam Metinler Bildiri Kitab\u0131 \u0130\u00e7in T\u0131klay\u0131n\u0131z<\/a><\/span><\/p>","protected":false},"excerpt":{"rendered":"<p>TESAM ve Uluda\u011f \u00dcniversitesi \u0130ktisadi ve \u0130dari Bilimler Fak\u00fcltesi ortakl\u0131\u011f\u0131nda 1 -2 Kas\u0131m 2017 tarihlerinde \u201cQuo Vadis T\u00fcrkiye?\u201d \u201cEkonomik, Siyasal, Sosyal ve G\u00fcvenlik Boyutlar\u0131yla T\u00fcrkiye\u2019nin Gelecekteki Konumu\u201d ana ba\u015fl\u0131\u011f\u0131 alt\u0131nda TESAM II. Uluslararas\u0131 Sosyal Bilimler Kongresi\u2019ni d\u00fczenlemi\u015f olman\u0131n mutlulu\u011funu ya\u015famaktay\u0131z. Uluda\u011f \u00dcniversitesi Mete Cengiz K\u00fclt\u00fcr Merkezi\u2019nde bu y\u0131l ikincisini d\u00fczenlemi\u015f oldu\u011fumuz kongremize y\u00fcz\u2019den fazla yerli &#8230;<\/p>","protected":false},"author":1,"featured_media":1692,"comment_status":"closed","ping_status":"open","sticky":false,"template":"","format":"standard","meta":{"ngg_post_thumbnail":0},"categories":[68],"tags":[58,59,43],"_links":{"self":[{"href":"https:\/\/tesam.org.tr\/en\/wp-json\/wp\/v2\/posts\/1685"}],"collection":[{"href":"https:\/\/tesam.org.tr\/en\/wp-json\/wp\/v2\/posts"}],"about":[{"href":"https:\/\/tesam.org.tr\/en\/wp-json\/wp\/v2\/types\/post"}],"author":[{"embeddable":true,"href":"https:\/\/tesam.org.tr\/en\/wp-json\/wp\/v2\/users\/1"}],"replies":[{"embeddable":true,"href":"https:\/\/tesam.org.tr\/en\/wp-json\/wp\/v2\/comments?post=1685"}],"version-history":[{"count":5,"href":"https:\/\/tesam.org.tr\/en\/wp-json\/wp\/v2\/posts\/1685\/revisions"}],"predecessor-version":[{"id":1699,"href":"https:\/\/tesam.org.tr\/en\/wp-json\/wp\/v2\/posts\/1685\/revisions\/1699"}],"wp:featuredmedia":[{"embeddable":true,"href":"https:\/\/tesam.org.tr\/en\/wp-json\/wp\/v2\/media\/1692"}],"wp:attachment":[{"href":"https:\/\/tesam.org.tr\/en\/wp-json\/wp\/v2\/media?parent=1685"}],"wp:term":[{"taxonomy":"category","embeddable":true,"href":"https:\/\/tesam.org.tr\/en\/wp-json\/wp\/v2\/categories?post=1685"},{"taxonomy":"post_tag","embeddable":true,"href":"https:\/\/tesam.org.tr\/en\/wp-json\/wp\/v2\/tags?post=1685"}],"curies":[{"name":"wp","href":"https:\/\/api.w.org\/{rel}","templated":true}]}}