{"id":1879,"date":"2018-10-14T17:16:36","date_gmt":"2018-10-14T14:16:36","guid":{"rendered":"https:\/\/tesam.org.tr\/?p=1879"},"modified":"2018-10-14T22:58:37","modified_gmt":"2018-10-14T19:58:37","slug":"iii-uluslararasi-sosyal-bilimler-kongresi-acilis-oturumu","status":"publish","type":"post","link":"https:\/\/tesam.org.tr\/en\/iii-uluslararasi-sosyal-bilimler-kongresi-acilis-oturumu\/","title":{"rendered":"III. Uluslararas\u0131 Sosyal Bilimler Kongresi 1. Oturumu"},"content":{"rendered":"<p>\u0130stanbul K\u00fclt\u00fcr \u00dcniversitesi\u2019nden Prof. Dr. Hasan K\u00d6N\u0130\u2019nin oturum ba\u015fkanl\u0131\u011f\u0131nda ger\u00e7ekle\u015fen,\u201dYerelden K\u00fcresele: T\u00fcrkiye-T\u00fcrk D\u00fcnyas\u0131 \u0130li\u015fkilerinin D\u00fcn\u00fc, Bug\u00fcn\u00fc ve Yar\u0131n\u0131\u201d ba\u015fl\u0131kl\u0131 kongremizin a\u00e7\u0131l\u0131\u015f oturumunda \u00f6ncelikle Ankara Hac\u0131 Bayram Veli \u00dcniversitesi\u2019nden Prof. Dr. H\u00fclya KASAPO\u011eLU \u00c7ENGEL, \u201c<strong>Sovyet \u0130deolojisi ve T\u00fcrkistan Ayd\u0131nlar\u0131\u201d ba\u015fl\u0131kl\u0131 sunumunu yapt\u0131. Ard\u0131ndan <\/strong>Ta\u015fkent Devlet \u015earki\u015finasl\u0131k Enstit\u00fcs\u00fc\u2019nden Prof. Dr. Kas\u0131mcan SAD\u0130KOV, \u201c<strong>Bilge Ka\u011fan\u2019a Ait Yarl\u0131\u011f\u0131n Unvan\u0131 Ve Onun T\u00fcrk Vesikalar\u0131 Tarihindeki Yeri\u201d konulu bildirisini sundu. Sonras\u0131nda, <\/strong>Azerbaycan \u00dcniversitesi\u2019nden Prof. Dr. Salahaddin HAL\u0130LOV, \u201c<strong>T\u00fcrk D\u00fcnyas\u0131n\u0131n Milli-K\u00fclt\u00fcrel B\u00fct\u00fcnle\u015fme S\u00fcrecinde Siyasi, \u0130deoloji Ve Manevi Fakt\u00f6rler\u201d ba\u015fl\u0131kl\u0131 bildirisini sundu. Ard\u0131ndan, <\/strong>Bat\u0131 Kazakistan Devlet \u00dcniversitesi\u2019nden Prof. Dr. Murat SAB\u0130R, \u201c<strong>Kutb\u2019un H\u00fcsrev \u00fc \u015eirin Mesnevisinin Dilindeki T\u00fcrk\u00e7e Kelimelerin Leksik-Semantik Gruplar\u0131\u201d konulu sunumunu yapt\u0131. <\/strong>\u0130stanbul T\u00fcrk Ocaklar\u0131\u2019ndan Dr. Cezmi BAYRAM \u201c<strong>T\u00fcrk D\u00fcnyas\u0131 Ve T\u00fcrk Ocaklar\u0131\u201d konusuyla sunumunu ger\u00e7ekle\u015ftirdi. <\/strong>&nbsp;Sunumlardan sonra hocalar\u0131m\u0131za kat\u0131l\u0131m belgeleri takdim edildi ve hat\u0131ra foto\u011fraf\u0131 \u00e7ektirildi.<\/p>\n\n        <style type='text\/css'>\n            #gallery-1 {\n                margin: auto;\n            }\n            #gallery-1 .gallery-item {\n                float: left;\n                margin-top: 10px;\n                text-align: center;\n                width: 50%;           }\n            #gallery-1 img {\n                border: 2px solid #cfcfcf;\n            }\n            #gallery-1 .gallery-caption {\n                margin-left: 0;\n            }\n        <\/style>\n        <!-- see gallery_shortcode() in wp-includes\/media.php -->\n        <div id='gallery-1' class='gallery-images gallery galleryid-1879'><dl class='gallery-item'>\n            <dt class='gallery-icon'>\n                <a href='https:\/\/tesam.org.tr\/wp-content\/uploads\/2018\/10\/2D8A1154.jpg'><img width=\"618\" height=\"412\" src=\"https:\/\/tesam.org.tr\/wp-content\/uploads\/2018\/10\/2D8A1154-5000x3333.jpg\" class=\"attachment-large size-large\" alt=\"\" decoding=\"async\" loading=\"lazy\" srcset=\"https:\/\/tesam.org.tr\/wp-content\/uploads\/2018\/10\/2D8A1154-5000x3333.jpg 5000w, https:\/\/tesam.org.tr\/wp-content\/uploads\/2018\/10\/2D8A1154-300x200.jpg 300w, https:\/\/tesam.org.tr\/wp-content\/uploads\/2018\/10\/2D8A1154-768x512.jpg 768w\" sizes=\"(max-width: 618px) 100vw, 618px\" \/><\/a>\n            <\/dt><\/dl><dl class='gallery-item'>\n            <dt class='gallery-icon'>\n                <a href='https:\/\/tesam.org.tr\/wp-content\/uploads\/2018\/10\/2D8A1168.jpg'><img width=\"618\" height=\"412\" src=\"https:\/\/tesam.org.tr\/wp-content\/uploads\/2018\/10\/2D8A1168-5000x3333.jpg\" class=\"attachment-large size-large\" alt=\"\" decoding=\"async\" loading=\"lazy\" srcset=\"https:\/\/tesam.org.tr\/wp-content\/uploads\/2018\/10\/2D8A1168-5000x3333.jpg 5000w, https:\/\/tesam.org.tr\/wp-content\/uploads\/2018\/10\/2D8A1168-300x200.jpg 300w, https:\/\/tesam.org.tr\/wp-content\/uploads\/2018\/10\/2D8A1168-768x512.jpg 768w\" sizes=\"(max-width: 618px) 100vw, 618px\" \/><\/a>\n            <\/dt><\/dl><br style=\"clear: both\" \/><dl class='gallery-item'>\n            <dt class='gallery-icon'>\n                <a href='https:\/\/tesam.org.tr\/wp-content\/uploads\/2018\/10\/2D8A1239.jpg'><img width=\"618\" height=\"412\" src=\"https:\/\/tesam.org.tr\/wp-content\/uploads\/2018\/10\/2D8A1239-5000x3333.jpg\" class=\"attachment-large size-large\" alt=\"\" decoding=\"async\" loading=\"lazy\" srcset=\"https:\/\/tesam.org.tr\/wp-content\/uploads\/2018\/10\/2D8A1239-5000x3333.jpg 5000w, https:\/\/tesam.org.tr\/wp-content\/uploads\/2018\/10\/2D8A1239-300x200.jpg 300w, https:\/\/tesam.org.tr\/wp-content\/uploads\/2018\/10\/2D8A1239-768x512.jpg 768w\" sizes=\"(max-width: 618px) 100vw, 618px\" \/><\/a>\n            <\/dt><\/dl><dl class='gallery-item'>\n            <dt class='gallery-icon'>\n                <a href='https:\/\/tesam.org.tr\/wp-content\/uploads\/2018\/10\/2D8A1287.jpg'><img width=\"618\" height=\"412\" src=\"https:\/\/tesam.org.tr\/wp-content\/uploads\/2018\/10\/2D8A1287-5000x3333.jpg\" class=\"attachment-large size-large\" alt=\"\" decoding=\"async\" loading=\"lazy\" srcset=\"https:\/\/tesam.org.tr\/wp-content\/uploads\/2018\/10\/2D8A1287-5000x3333.jpg 5000w, https:\/\/tesam.org.tr\/wp-content\/uploads\/2018\/10\/2D8A1287-300x200.jpg 300w, https:\/\/tesam.org.tr\/wp-content\/uploads\/2018\/10\/2D8A1287-768x512.jpg 768w\" sizes=\"(max-width: 618px) 100vw, 618px\" \/><\/a>\n            <\/dt><\/dl><br style=\"clear: both\" \/><dl class='gallery-item'>\n            <dt class='gallery-icon'>\n                <a href='https:\/\/tesam.org.tr\/wp-content\/uploads\/2018\/10\/2D8A1357.jpg'><img width=\"618\" height=\"412\" src=\"https:\/\/tesam.org.tr\/wp-content\/uploads\/2018\/10\/2D8A1357-5000x3333.jpg\" class=\"attachment-large size-large\" alt=\"\" decoding=\"async\" loading=\"lazy\" srcset=\"https:\/\/tesam.org.tr\/wp-content\/uploads\/2018\/10\/2D8A1357-5000x3333.jpg 5000w, https:\/\/tesam.org.tr\/wp-content\/uploads\/2018\/10\/2D8A1357-300x200.jpg 300w, https:\/\/tesam.org.tr\/wp-content\/uploads\/2018\/10\/2D8A1357-768x512.jpg 768w\" sizes=\"(max-width: 618px) 100vw, 618px\" \/><\/a>\n            <\/dt><\/dl><dl class='gallery-item'>\n            <dt class='gallery-icon'>\n                <a href='https:\/\/tesam.org.tr\/wp-content\/uploads\/2018\/10\/2D8A1405.jpg'><img width=\"618\" height=\"412\" src=\"https:\/\/tesam.org.tr\/wp-content\/uploads\/2018\/10\/2D8A1405-5000x3333.jpg\" class=\"attachment-large size-large\" alt=\"\" decoding=\"async\" loading=\"lazy\" srcset=\"https:\/\/tesam.org.tr\/wp-content\/uploads\/2018\/10\/2D8A1405-5000x3333.jpg 5000w, https:\/\/tesam.org.tr\/wp-content\/uploads\/2018\/10\/2D8A1405-300x200.jpg 300w, https:\/\/tesam.org.tr\/wp-content\/uploads\/2018\/10\/2D8A1405-768x512.jpg 768w\" sizes=\"(max-width: 618px) 100vw, 618px\" \/><\/a>\n            <\/dt><\/dl><br style=\"clear: both\" \/><dl class='gallery-item'>\n            <dt class='gallery-icon'>\n                <a href='https:\/\/tesam.org.tr\/wp-content\/uploads\/2018\/10\/2D8A1411.jpg'><img width=\"618\" height=\"412\" src=\"https:\/\/tesam.org.tr\/wp-content\/uploads\/2018\/10\/2D8A1411-5000x3333.jpg\" class=\"attachment-large size-large\" alt=\"\" decoding=\"async\" loading=\"lazy\" srcset=\"https:\/\/tesam.org.tr\/wp-content\/uploads\/2018\/10\/2D8A1411-5000x3333.jpg 5000w, https:\/\/tesam.org.tr\/wp-content\/uploads\/2018\/10\/2D8A1411-300x200.jpg 300w, https:\/\/tesam.org.tr\/wp-content\/uploads\/2018\/10\/2D8A1411-768x512.jpg 768w\" sizes=\"(max-width: 618px) 100vw, 618px\" \/><\/a>\n            <\/dt><\/dl><dl class='gallery-item'>\n            <dt class='gallery-icon'>\n                <a href='https:\/\/tesam.org.tr\/wp-content\/uploads\/2018\/10\/2D8A1415.jpg'><img width=\"618\" height=\"412\" src=\"https:\/\/tesam.org.tr\/wp-content\/uploads\/2018\/10\/2D8A1415-5000x3333.jpg\" class=\"attachment-large size-large\" alt=\"\" decoding=\"async\" loading=\"lazy\" srcset=\"https:\/\/tesam.org.tr\/wp-content\/uploads\/2018\/10\/2D8A1415-5000x3333.jpg 5000w, https:\/\/tesam.org.tr\/wp-content\/uploads\/2018\/10\/2D8A1415-300x200.jpg 300w, https:\/\/tesam.org.tr\/wp-content\/uploads\/2018\/10\/2D8A1415-768x512.jpg 768w\" sizes=\"(max-width: 618px) 100vw, 618px\" \/><\/a>\n            <\/dt><\/dl><br style=\"clear: both\" \/><dl class='gallery-item'>\n            <dt class='gallery-icon'>\n                <a href='https:\/\/tesam.org.tr\/wp-content\/uploads\/2018\/10\/2D8A1422.jpg'><img width=\"618\" height=\"412\" src=\"https:\/\/tesam.org.tr\/wp-content\/uploads\/2018\/10\/2D8A1422-5000x3333.jpg\" class=\"attachment-large size-large\" alt=\"\" decoding=\"async\" loading=\"lazy\" srcset=\"https:\/\/tesam.org.tr\/wp-content\/uploads\/2018\/10\/2D8A1422-5000x3333.jpg 5000w, https:\/\/tesam.org.tr\/wp-content\/uploads\/2018\/10\/2D8A1422-300x200.jpg 300w, https:\/\/tesam.org.tr\/wp-content\/uploads\/2018\/10\/2D8A1422-768x512.jpg 768w\" sizes=\"(max-width: 618px) 100vw, 618px\" \/><\/a>\n            <\/dt><\/dl>\n            <br style='clear: both;' \/>\n        <\/div>","protected":false},"excerpt":{"rendered":"<p>\u0130stanbul K\u00fclt\u00fcr \u00dcniversitesi\u2019nden Prof. Dr. Hasan K\u00d6N\u0130\u2019nin oturum ba\u015fkanl\u0131\u011f\u0131nda ger\u00e7ekle\u015fen,\u201dYerelden K\u00fcresele: T\u00fcrkiye-T\u00fcrk D\u00fcnyas\u0131 \u0130li\u015fkilerinin D\u00fcn\u00fc, Bug\u00fcn\u00fc ve Yar\u0131n\u0131\u201d ba\u015fl\u0131kl\u0131 kongremizin a\u00e7\u0131l\u0131\u015f oturumunda \u00f6ncelikle Ankara Hac\u0131 Bayram Veli \u00dcniversitesi\u2019nden Prof. Dr. H\u00fclya KASAPO\u011eLU \u00c7ENGEL, \u201cSovyet \u0130deolojisi ve T\u00fcrkistan Ayd\u0131nlar\u0131\u201d ba\u015fl\u0131kl\u0131 sunumunu yapt\u0131. Ard\u0131ndan Ta\u015fkent Devlet \u015earki\u015finasl\u0131k Enstit\u00fcs\u00fc\u2019nden Prof. Dr. Kas\u0131mcan SAD\u0130KOV, \u201cBilge Ka\u011fan\u2019a Ait Yarl\u0131\u011f\u0131n Unvan\u0131 &#8230;<\/p>","protected":false},"author":1,"featured_media":1889,"comment_status":"closed","ping_status":"open","sticky":false,"template":"","format":"standard","meta":{"ngg_post_thumbnail":0},"categories":[77],"tags":[],"_links":{"self":[{"href":"https:\/\/tesam.org.tr\/en\/wp-json\/wp\/v2\/posts\/1879"}],"collection":[{"href":"https:\/\/tesam.org.tr\/en\/wp-json\/wp\/v2\/posts"}],"about":[{"href":"https:\/\/tesam.org.tr\/en\/wp-json\/wp\/v2\/types\/post"}],"author":[{"embeddable":true,"href":"https:\/\/tesam.org.tr\/en\/wp-json\/wp\/v2\/users\/1"}],"replies":[{"embeddable":true,"href":"https:\/\/tesam.org.tr\/en\/wp-json\/wp\/v2\/comments?post=1879"}],"version-history":[{"count":3,"href":"https:\/\/tesam.org.tr\/en\/wp-json\/wp\/v2\/posts\/1879\/revisions"}],"predecessor-version":[{"id":2044,"href":"https:\/\/tesam.org.tr\/en\/wp-json\/wp\/v2\/posts\/1879\/revisions\/2044"}],"wp:featuredmedia":[{"embeddable":true,"href":"https:\/\/tesam.org.tr\/en\/wp-json\/wp\/v2\/media\/1889"}],"wp:attachment":[{"href":"https:\/\/tesam.org.tr\/en\/wp-json\/wp\/v2\/media?parent=1879"}],"wp:term":[{"taxonomy":"category","embeddable":true,"href":"https:\/\/tesam.org.tr\/en\/wp-json\/wp\/v2\/categories?post=1879"},{"taxonomy":"post_tag","embeddable":true,"href":"https:\/\/tesam.org.tr\/en\/wp-json\/wp\/v2\/tags?post=1879"}],"curies":[{"name":"wp","href":"https:\/\/api.w.org\/{rel}","templated":true}]}}