{"id":2430,"date":"2019-03-15T11:23:40","date_gmt":"2019-03-15T09:23:40","guid":{"rendered":"https:\/\/tesam.org.tr\/?p=2430"},"modified":"2019-03-15T12:22:56","modified_gmt":"2019-03-15T10:22:56","slug":"tesam-baskani-ilyas-bozkurt-galatasaray-universitesi-hukuk-fakultesi-ogretim-uyesi-prof-dr-ahmet-ulvi-turkbagi-tesam-genel-merkezinde-agirladi","status":"publish","type":"post","link":"https:\/\/tesam.org.tr\/en\/tesam-baskani-ilyas-bozkurt-galatasaray-universitesi-hukuk-fakultesi-ogretim-uyesi-prof-dr-ahmet-ulvi-turkbagi-tesam-genel-merkezinde-agirladi\/","title":{"rendered":"TESAM Ba\u015fkan\u0131  M. \u0130lyas Bozkurt, Galatasaray \u00dcniversitesi&#8217;nden Prof. Dr. Ahmet Ulvi T\u00dcRKBA\u011e&#8217;\u0131 a\u011f\u0131rlad\u0131."},"content":{"rendered":"<p>TESAM&nbsp;Ba\u015fkan\u0131 M.\u0130lyas Bozkurt, Hukuk Akademisi&#8217;nin a\u00e7\u0131l\u0131\u015f oturumunda sunum da yapan&nbsp;Galatasaray \u00dcniversitesi&nbsp;Hukuk Fak\u00fcltesi \u00d6\u011fretim \u00fcyesi Prof. Dr.&nbsp;Ahmet Ulvi T\u00fcrkba\u011f&#8217;\u0131 TESAM Genel Merkezinde a\u011f\u0131rlad\u0131.&nbsp;<\/p>\n<p>T\u00fcrk hukuk sistemi ve T\u00fcrkiye&#8217;de hukuk e\u011fitimi \u00fczerine g\u00f6r\u00fc\u015f al\u0131\u015f veri\u015finde bulunuldu.<\/p>","protected":false},"excerpt":{"rendered":"<p>TESAM&nbsp;Ba\u015fkan\u0131 M.\u0130lyas Bozkurt, Hukuk Akademisi&#8217;nin a\u00e7\u0131l\u0131\u015f oturumunda sunum da yapan&nbsp;Galatasaray \u00dcniversitesi&nbsp;Hukuk Fak\u00fcltesi \u00d6\u011fretim \u00fcyesi Prof. Dr.&nbsp;Ahmet Ulvi T\u00fcrkba\u011f&#8217;\u0131 TESAM Genel Merkezinde a\u011f\u0131rlad\u0131.&nbsp; T\u00fcrk hukuk sistemi ve T\u00fcrkiye&#8217;de hukuk e\u011fitimi \u00fczerine g\u00f6r\u00fc\u015f al\u0131\u015f veri\u015finde bulunuldu.<\/p>","protected":false},"author":1,"featured_media":2431,"comment_status":"closed","ping_status":"open","sticky":false,"template":"","format":"standard","meta":{"ngg_post_thumbnail":0},"categories":[66],"tags":[58,59,43],"_links":{"self":[{"href":"https:\/\/tesam.org.tr\/en\/wp-json\/wp\/v2\/posts\/2430"}],"collection":[{"href":"https:\/\/tesam.org.tr\/en\/wp-json\/wp\/v2\/posts"}],"about":[{"href":"https:\/\/tesam.org.tr\/en\/wp-json\/wp\/v2\/types\/post"}],"author":[{"embeddable":true,"href":"https:\/\/tesam.org.tr\/en\/wp-json\/wp\/v2\/users\/1"}],"replies":[{"embeddable":true,"href":"https:\/\/tesam.org.tr\/en\/wp-json\/wp\/v2\/comments?post=2430"}],"version-history":[{"count":4,"href":"https:\/\/tesam.org.tr\/en\/wp-json\/wp\/v2\/posts\/2430\/revisions"}],"predecessor-version":[{"id":2438,"href":"https:\/\/tesam.org.tr\/en\/wp-json\/wp\/v2\/posts\/2430\/revisions\/2438"}],"wp:featuredmedia":[{"embeddable":true,"href":"https:\/\/tesam.org.tr\/en\/wp-json\/wp\/v2\/media\/2431"}],"wp:attachment":[{"href":"https:\/\/tesam.org.tr\/en\/wp-json\/wp\/v2\/media?parent=2430"}],"wp:term":[{"taxonomy":"category","embeddable":true,"href":"https:\/\/tesam.org.tr\/en\/wp-json\/wp\/v2\/categories?post=2430"},{"taxonomy":"post_tag","embeddable":true,"href":"https:\/\/tesam.org.tr\/en\/wp-json\/wp\/v2\/tags?post=2430"}],"curies":[{"name":"wp","href":"https:\/\/api.w.org\/{rel}","templated":true}]}}