{"id":2450,"date":"2019-03-15T11:44:14","date_gmt":"2019-03-15T09:44:14","guid":{"rendered":"https:\/\/tesam.org.tr\/?p=2450"},"modified":"2019-03-15T11:44:14","modified_gmt":"2019-03-15T09:44:14","slug":"tesam-baskani-m-ilyas-bozkurt-prof-dr-dogan-senyuzu-tesam-genel-merkezinde-agirladi","status":"publish","type":"post","link":"https:\/\/tesam.org.tr\/en\/tesam-baskani-m-ilyas-bozkurt-prof-dr-dogan-senyuzu-tesam-genel-merkezinde-agirladi\/","title":{"rendered":"TESAM Ba\u015fkan\u0131 M. \u0130lyas Bozkurt,  Prof. Dr. Do\u011fan \u015eeny\u00fcz&#8217;\u00fc TESAM Genel Merkezi&#8217;nde a\u011f\u0131rlad\u0131."},"content":{"rendered":"<p>TESAM&nbsp;Ba\u015fkan\u0131 M.&nbsp;\u0130lyas Bozkurt, Bursa&nbsp;Uluda\u011f \u00dcniversitesi&nbsp;Hukuk Fak\u00fcltesi \u00d6\u011fretim \u00dcyesi Prof. Dr. Do\u011fan \u015eeny\u00fcz&#8217;\u00fc&nbsp;TESAM&nbsp;Genel Merkezi&#8217;nde a\u011f\u0131rlad\u0131.<\/p>\n<p>G\u00f6r\u00fc\u015fmede T\u00fcrkiye&#8217;deki vergi sistemi masaya yat\u0131r\u0131ld\u0131.<\/p>\n<p><a href=\"https:\/\/tesam.org.tr\/wp-content\/uploads\/2019\/03\/1-1.jpg\"><img decoding=\"async\" loading=\"lazy\" class=\"alignnone size-medium wp-image-2451\" src=\"https:\/\/tesam.org.tr\/wp-content\/uploads\/2019\/03\/1-1-300x199.jpg\" alt=\"\" width=\"300\" height=\"199\" srcset=\"https:\/\/tesam.org.tr\/wp-content\/uploads\/2019\/03\/1-1-300x199.jpg 300w, https:\/\/tesam.org.tr\/wp-content\/uploads\/2019\/03\/1-1-768x509.jpg 768w, https:\/\/tesam.org.tr\/wp-content\/uploads\/2019\/03\/1-1.jpg 960w\" sizes=\"(max-width: 300px) 100vw, 300px\" \/><\/a><\/p>","protected":false},"excerpt":{"rendered":"<p>TESAM&nbsp;Ba\u015fkan\u0131 M.&nbsp;\u0130lyas Bozkurt, Bursa&nbsp;Uluda\u011f \u00dcniversitesi&nbsp;Hukuk Fak\u00fcltesi \u00d6\u011fretim \u00dcyesi Prof. Dr. Do\u011fan \u015eeny\u00fcz&#8217;\u00fc&nbsp;TESAM&nbsp;Genel Merkezi&#8217;nde a\u011f\u0131rlad\u0131. G\u00f6r\u00fc\u015fmede T\u00fcrkiye&#8217;deki vergi sistemi masaya yat\u0131r\u0131ld\u0131.<\/p>","protected":false},"author":1,"featured_media":2452,"comment_status":"closed","ping_status":"open","sticky":false,"template":"","format":"standard","meta":{"ngg_post_thumbnail":0},"categories":[66],"tags":[58,59,43],"_links":{"self":[{"href":"https:\/\/tesam.org.tr\/en\/wp-json\/wp\/v2\/posts\/2450"}],"collection":[{"href":"https:\/\/tesam.org.tr\/en\/wp-json\/wp\/v2\/posts"}],"about":[{"href":"https:\/\/tesam.org.tr\/en\/wp-json\/wp\/v2\/types\/post"}],"author":[{"embeddable":true,"href":"https:\/\/tesam.org.tr\/en\/wp-json\/wp\/v2\/users\/1"}],"replies":[{"embeddable":true,"href":"https:\/\/tesam.org.tr\/en\/wp-json\/wp\/v2\/comments?post=2450"}],"version-history":[{"count":1,"href":"https:\/\/tesam.org.tr\/en\/wp-json\/wp\/v2\/posts\/2450\/revisions"}],"predecessor-version":[{"id":2453,"href":"https:\/\/tesam.org.tr\/en\/wp-json\/wp\/v2\/posts\/2450\/revisions\/2453"}],"wp:featuredmedia":[{"embeddable":true,"href":"https:\/\/tesam.org.tr\/en\/wp-json\/wp\/v2\/media\/2452"}],"wp:attachment":[{"href":"https:\/\/tesam.org.tr\/en\/wp-json\/wp\/v2\/media?parent=2450"}],"wp:term":[{"taxonomy":"category","embeddable":true,"href":"https:\/\/tesam.org.tr\/en\/wp-json\/wp\/v2\/categories?post=2450"},{"taxonomy":"post_tag","embeddable":true,"href":"https:\/\/tesam.org.tr\/en\/wp-json\/wp\/v2\/tags?post=2450"}],"curies":[{"name":"wp","href":"https:\/\/api.w.org\/{rel}","templated":true}]}}