{"id":2454,"date":"2019-03-15T11:49:44","date_gmt":"2019-03-15T09:49:44","guid":{"rendered":"https:\/\/tesam.org.tr\/?p=2454"},"modified":"2019-03-15T11:50:21","modified_gmt":"2019-03-15T09:50:21","slug":"tesam-baskani-m-ilyas-bozkurt-marmara-universitesi-hukuk-fakultesinden-anayasa-hukukcusu-ve-anayasa-mahkemesi-eski-raportoru-prof-dr-osman-can-i-tesam-genel-merkezinde-agirladi","status":"publish","type":"post","link":"https:\/\/tesam.org.tr\/en\/tesam-baskani-m-ilyas-bozkurt-marmara-universitesi-hukuk-fakultesinden-anayasa-hukukcusu-ve-anayasa-mahkemesi-eski-raportoru-prof-dr-osman-can-i-tesam-genel-merkezinde-agirladi\/","title":{"rendered":"TESAM Ba\u015fkan\u0131 M. \u0130lyas BOZKURT, Anayasa Mahkemesi Eski Raport\u00f6r\u00fc Prof. Dr. Osman CAN &#8216;\u0131 TESAM Genel Merkezinde A\u011f\u0131rlad\u0131."},"content":{"rendered":"<p>TESAM&nbsp;Ba\u015fkan\u0131 M.&nbsp;\u0130lyas Bozkurt,&nbsp;Marmara \u00dcniversitesi&nbsp;Hukuk Fak\u00fcltesi&#8217;nden Anayasa Hukuk\u00e7usu ve&nbsp;Anayasa Mahkemesi&nbsp;eski raport\u00f6r\u00fc Prof. Dr.&nbsp;Osman Can&nbsp;&#8216;\u0131&nbsp;TESAM&nbsp;Genel Merkezinde a\u011f\u0131rlad\u0131.<\/p>\n<p>G\u00f6r\u00fc\u015fmede T\u00fcrkiye&#8217;nin anayasal sistemi \u00fczerine konu\u015fuldu.<\/p>\n<p><a href=\"https:\/\/tesam.org.tr\/wp-content\/uploads\/2019\/03\/osman-can1.jpg\"><img decoding=\"async\" loading=\"lazy\" class=\"alignnone size-medium wp-image-2456\" src=\"https:\/\/tesam.org.tr\/wp-content\/uploads\/2019\/03\/osman-can1-300x200.jpg\" alt=\"\" width=\"300\" height=\"200\" srcset=\"https:\/\/tesam.org.tr\/wp-content\/uploads\/2019\/03\/osman-can1-300x200.jpg 300w, https:\/\/tesam.org.tr\/wp-content\/uploads\/2019\/03\/osman-can1-768x512.jpg 768w, https:\/\/tesam.org.tr\/wp-content\/uploads\/2019\/03\/osman-can1.jpg 1080w\" sizes=\"(max-width: 300px) 100vw, 300px\" \/><\/a> <a href=\"https:\/\/tesam.org.tr\/wp-content\/uploads\/2019\/03\/osman-can2.jpg\"><img decoding=\"async\" loading=\"lazy\" class=\"alignnone size-medium wp-image-2457\" src=\"https:\/\/tesam.org.tr\/wp-content\/uploads\/2019\/03\/osman-can2-300x200.jpg\" alt=\"\" width=\"300\" height=\"200\" srcset=\"https:\/\/tesam.org.tr\/wp-content\/uploads\/2019\/03\/osman-can2-300x200.jpg 300w, https:\/\/tesam.org.tr\/wp-content\/uploads\/2019\/03\/osman-can2-768x512.jpg 768w, https:\/\/tesam.org.tr\/wp-content\/uploads\/2019\/03\/osman-can2.jpg 1080w\" sizes=\"(max-width: 300px) 100vw, 300px\" \/><\/a> <a href=\"https:\/\/tesam.org.tr\/wp-content\/uploads\/2019\/03\/osman-can3.jpg\"><img decoding=\"async\" loading=\"lazy\" class=\"alignnone size-medium wp-image-2459\" src=\"https:\/\/tesam.org.tr\/wp-content\/uploads\/2019\/03\/osman-can3-300x200.jpg\" alt=\"\" width=\"300\" height=\"200\" srcset=\"https:\/\/tesam.org.tr\/wp-content\/uploads\/2019\/03\/osman-can3-300x200.jpg 300w, https:\/\/tesam.org.tr\/wp-content\/uploads\/2019\/03\/osman-can3-768x512.jpg 768w, https:\/\/tesam.org.tr\/wp-content\/uploads\/2019\/03\/osman-can3.jpg 1080w\" sizes=\"(max-width: 300px) 100vw, 300px\" \/><\/a><\/p>","protected":false},"excerpt":{"rendered":"<p>TESAM&nbsp;Ba\u015fkan\u0131 M.&nbsp;\u0130lyas Bozkurt,&nbsp;Marmara \u00dcniversitesi&nbsp;Hukuk Fak\u00fcltesi&#8217;nden Anayasa Hukuk\u00e7usu ve&nbsp;Anayasa Mahkemesi&nbsp;eski raport\u00f6r\u00fc Prof. Dr.&nbsp;Osman Can&nbsp;&#8216;\u0131&nbsp;TESAM&nbsp;Genel Merkezinde a\u011f\u0131rlad\u0131. G\u00f6r\u00fc\u015fmede T\u00fcrkiye&#8217;nin anayasal sistemi \u00fczerine konu\u015fuldu.<\/p>","protected":false},"author":1,"featured_media":2455,"comment_status":"closed","ping_status":"open","sticky":false,"template":"","format":"standard","meta":{"ngg_post_thumbnail":0},"categories":[66],"tags":[58,59,43],"_links":{"self":[{"href":"https:\/\/tesam.org.tr\/en\/wp-json\/wp\/v2\/posts\/2454"}],"collection":[{"href":"https:\/\/tesam.org.tr\/en\/wp-json\/wp\/v2\/posts"}],"about":[{"href":"https:\/\/tesam.org.tr\/en\/wp-json\/wp\/v2\/types\/post"}],"author":[{"embeddable":true,"href":"https:\/\/tesam.org.tr\/en\/wp-json\/wp\/v2\/users\/1"}],"replies":[{"embeddable":true,"href":"https:\/\/tesam.org.tr\/en\/wp-json\/wp\/v2\/comments?post=2454"}],"version-history":[{"count":2,"href":"https:\/\/tesam.org.tr\/en\/wp-json\/wp\/v2\/posts\/2454\/revisions"}],"predecessor-version":[{"id":2461,"href":"https:\/\/tesam.org.tr\/en\/wp-json\/wp\/v2\/posts\/2454\/revisions\/2461"}],"wp:featuredmedia":[{"embeddable":true,"href":"https:\/\/tesam.org.tr\/en\/wp-json\/wp\/v2\/media\/2455"}],"wp:attachment":[{"href":"https:\/\/tesam.org.tr\/en\/wp-json\/wp\/v2\/media?parent=2454"}],"wp:term":[{"taxonomy":"category","embeddable":true,"href":"https:\/\/tesam.org.tr\/en\/wp-json\/wp\/v2\/categories?post=2454"},{"taxonomy":"post_tag","embeddable":true,"href":"https:\/\/tesam.org.tr\/en\/wp-json\/wp\/v2\/tags?post=2454"}],"curies":[{"name":"wp","href":"https:\/\/api.w.org\/{rel}","templated":true}]}}