{"id":2488,"date":"2019-11-21T13:48:09","date_gmt":"2019-11-21T10:48:09","guid":{"rendered":"https:\/\/tesam.org.tr\/?p=2488"},"modified":"2020-06-10T17:05:40","modified_gmt":"2020-06-10T14:05:40","slug":"tesam-akademi-okulunun-konugu-prof-dr-yucel-ogurlu-oldu","status":"publish","type":"post","link":"https:\/\/tesam.org.tr\/en\/tesam-akademi-okulunun-konugu-prof-dr-yucel-ogurlu-oldu\/","title":{"rendered":"TESAM Akademi Okulu&#8217;nun konu\u011fu Prof. Dr. Y\u00fccel O\u011eURLU oldu."},"content":{"rendered":"<p><strong>TESAM<\/strong> Akademi Okulu&#8217;nda bug\u00fcn,&nbsp;<strong>\u0130stanbul Ticaret \u00dcniversitesi<\/strong>&nbsp;Rekt\u00f6r Yard\u0131mc\u0131s\u0131 ve Hukuk Fak\u00fcltesi Dekan\u0131 <strong>Prof. Dr.&nbsp;Y\u00fccel O\u011furlu&nbsp;<\/strong>bizlerle beraberdi.<\/p>\n<p><strong>&#8220;Devlet Y\u00f6netiminde \u0130deal Kodlar&#8221;<\/strong> konulu sunumunu yapan O\u011furlu, devletin ve y\u00f6neticilerinin sahip olmas\u0131 gereken asli \u00f6zellikleri hukuk\u00e7u \u00f6\u011frencilerle payla\u015ft\u0131. Devlet y\u00f6netiminde adalet, ehliyet, liyakat, isti\u015fare, \u00f6zg\u00fcnl\u00fck gibi ilkelerin var olmas\u0131 gerekti\u011finden bahseden hocam\u0131z, \u00f6\u011frencilerimize hi\u00e7 bir zaman umutsuz olmamalar\u0131 gerekti\u011fini ve \u00e7\u00f6z\u00fclmez g\u00f6r\u00fcnen sorunlar\u0131n do\u011fru ad\u0131mlarla \u00e7\u00f6z\u00fclebilece\u011fini ve bunun i\u00e7in gayret etmeleri gerekti\u011fini vurgulad\u0131.<\/p>\n<p>Program\u0131n sonunda say\u0131n O\u011furlu&#8217;ya,&nbsp;TESAM&nbsp;Ba\u015fkan Yard\u0131mc\u0131s\u0131 <strong>Y\u0131ld\u0131r\u0131m Deniz<\/strong>&nbsp;hediyesini takdim etti.<\/p>\n<p><a href=\"https:\/\/tesam.org.tr\/wp-content\/uploads\/2019\/04\/DSC_0999.jpg\"><img decoding=\"async\" loading=\"lazy\" class=\"aligncenter wp-image-2494 size-full\" src=\"https:\/\/tesam.org.tr\/wp-content\/uploads\/2019\/04\/DSC_0999.jpg\" alt=\"\" width=\"4608\" height=\"3072\" srcset=\"https:\/\/tesam.org.tr\/wp-content\/uploads\/2019\/04\/DSC_0999.jpg 4608w, https:\/\/tesam.org.tr\/wp-content\/uploads\/2019\/04\/DSC_0999-300x200.jpg 300w, https:\/\/tesam.org.tr\/wp-content\/uploads\/2019\/04\/DSC_0999-768x512.jpg 768w\" sizes=\"(max-width: 4608px) 100vw, 4608px\" \/><\/a> <a href=\"https:\/\/tesam.org.tr\/wp-content\/uploads\/2019\/04\/DSC_0979.jpg\"><img decoding=\"async\" loading=\"lazy\" class=\"aligncenter wp-image-2492 size-full\" src=\"https:\/\/tesam.org.tr\/wp-content\/uploads\/2019\/04\/DSC_0979.jpg\" alt=\"\" width=\"4608\" height=\"3072\" srcset=\"https:\/\/tesam.org.tr\/wp-content\/uploads\/2019\/04\/DSC_0979.jpg 4608w, https:\/\/tesam.org.tr\/wp-content\/uploads\/2019\/04\/DSC_0979-300x200.jpg 300w, https:\/\/tesam.org.tr\/wp-content\/uploads\/2019\/04\/DSC_0979-768x512.jpg 768w\" sizes=\"(max-width: 4608px) 100vw, 4608px\" \/><\/a> <a href=\"https:\/\/tesam.org.tr\/wp-content\/uploads\/2019\/04\/DSC_0970.jpg\"><img decoding=\"async\" loading=\"lazy\" class=\"aligncenter wp-image-2491 size-full\" src=\"https:\/\/tesam.org.tr\/wp-content\/uploads\/2019\/04\/DSC_0970.jpg\" alt=\"\" width=\"4608\" height=\"3072\" srcset=\"https:\/\/tesam.org.tr\/wp-content\/uploads\/2019\/04\/DSC_0970.jpg 4608w, https:\/\/tesam.org.tr\/wp-content\/uploads\/2019\/04\/DSC_0970-300x200.jpg 300w, https:\/\/tesam.org.tr\/wp-content\/uploads\/2019\/04\/DSC_0970-768x512.jpg 768w\" sizes=\"(max-width: 4608px) 100vw, 4608px\" \/><\/a> <a href=\"https:\/\/tesam.org.tr\/wp-content\/uploads\/2019\/04\/DSC_0068.jpg\"><img decoding=\"async\" loading=\"lazy\" class=\"aligncenter wp-image-2490 size-full\" src=\"https:\/\/tesam.org.tr\/wp-content\/uploads\/2019\/04\/DSC_0068.jpg\" alt=\"\" width=\"4608\" height=\"3072\" srcset=\"https:\/\/tesam.org.tr\/wp-content\/uploads\/2019\/04\/DSC_0068.jpg 4608w, https:\/\/tesam.org.tr\/wp-content\/uploads\/2019\/04\/DSC_0068-300x200.jpg 300w, https:\/\/tesam.org.tr\/wp-content\/uploads\/2019\/04\/DSC_0068-768x512.jpg 768w\" sizes=\"(max-width: 4608px) 100vw, 4608px\" \/><\/a> <a href=\"https:\/\/tesam.org.tr\/wp-content\/uploads\/2019\/04\/DSC_0061.jpg\"><img decoding=\"async\" loading=\"lazy\" class=\"aligncenter wp-image-2489 size-full\" src=\"https:\/\/tesam.org.tr\/wp-content\/uploads\/2019\/04\/DSC_0061.jpg\" alt=\"\" width=\"4608\" height=\"3072\" srcset=\"https:\/\/tesam.org.tr\/wp-content\/uploads\/2019\/04\/DSC_0061.jpg 4608w, https:\/\/tesam.org.tr\/wp-content\/uploads\/2019\/04\/DSC_0061-300x200.jpg 300w, https:\/\/tesam.org.tr\/wp-content\/uploads\/2019\/04\/DSC_0061-768x512.jpg 768w\" sizes=\"(max-width: 4608px) 100vw, 4608px\" \/><\/a><\/p>","protected":false},"excerpt":{"rendered":"<p>TESAM Akademi Okulu&#8217;nda bug\u00fcn,&nbsp;\u0130stanbul Ticaret \u00dcniversitesi&nbsp;Rekt\u00f6r Yard\u0131mc\u0131s\u0131 ve Hukuk Fak\u00fcltesi Dekan\u0131 Prof. Dr.&nbsp;Y\u00fccel O\u011furlu&nbsp;bizlerle beraberdi. &#8220;Devlet Y\u00f6netiminde \u0130deal Kodlar&#8221; konulu sunumunu yapan O\u011furlu, devletin ve y\u00f6neticilerinin sahip olmas\u0131 gereken asli \u00f6zellikleri hukuk\u00e7u \u00f6\u011frencilerle payla\u015ft\u0131. Devlet y\u00f6netiminde adalet, ehliyet, liyakat, isti\u015fare, \u00f6zg\u00fcnl\u00fck gibi ilkelerin var olmas\u0131 gerekti\u011finden bahseden hocam\u0131z, \u00f6\u011frencilerimize hi\u00e7 bir zaman umutsuz olmamalar\u0131 gerekti\u011fini &#8230;<\/p>","protected":false},"author":1,"featured_media":2493,"comment_status":"closed","ping_status":"open","sticky":false,"template":"","format":"standard","meta":{"ngg_post_thumbnail":0},"categories":[50],"tags":[58,59,43,82],"_links":{"self":[{"href":"https:\/\/tesam.org.tr\/en\/wp-json\/wp\/v2\/posts\/2488"}],"collection":[{"href":"https:\/\/tesam.org.tr\/en\/wp-json\/wp\/v2\/posts"}],"about":[{"href":"https:\/\/tesam.org.tr\/en\/wp-json\/wp\/v2\/types\/post"}],"author":[{"embeddable":true,"href":"https:\/\/tesam.org.tr\/en\/wp-json\/wp\/v2\/users\/1"}],"replies":[{"embeddable":true,"href":"https:\/\/tesam.org.tr\/en\/wp-json\/wp\/v2\/comments?post=2488"}],"version-history":[{"count":1,"href":"https:\/\/tesam.org.tr\/en\/wp-json\/wp\/v2\/posts\/2488\/revisions"}],"predecessor-version":[{"id":2495,"href":"https:\/\/tesam.org.tr\/en\/wp-json\/wp\/v2\/posts\/2488\/revisions\/2495"}],"wp:featuredmedia":[{"embeddable":true,"href":"https:\/\/tesam.org.tr\/en\/wp-json\/wp\/v2\/media\/2493"}],"wp:attachment":[{"href":"https:\/\/tesam.org.tr\/en\/wp-json\/wp\/v2\/media?parent=2488"}],"wp:term":[{"taxonomy":"category","embeddable":true,"href":"https:\/\/tesam.org.tr\/en\/wp-json\/wp\/v2\/categories?post=2488"},{"taxonomy":"post_tag","embeddable":true,"href":"https:\/\/tesam.org.tr\/en\/wp-json\/wp\/v2\/tags?post=2488"}],"curies":[{"name":"wp","href":"https:\/\/api.w.org\/{rel}","templated":true}]}}