{"id":2558,"date":"2019-04-19T11:51:56","date_gmt":"2019-04-19T08:51:56","guid":{"rendered":"https:\/\/tesam.org.tr\/?p=2558"},"modified":"2019-04-19T14:19:55","modified_gmt":"2019-04-19T11:19:55","slug":"tesam-dis-politika-analiz_jeopolitik-oyunlar-ermenistan-turkiye-ve-buyuk-gucler","status":"publish","type":"post","link":"https:\/\/tesam.org.tr\/en\/tesam-dis-politika-analiz_jeopolitik-oyunlar-ermenistan-turkiye-ve-buyuk-gucler\/","title":{"rendered":"TESAM DI\u015e POL\u0130T\u0130KA ANAL\u0130Z_JEOPOL\u0130T\u0130K OYUNLAR: ERMEN\u0130STAN, T\u00dcRK\u0130YE VE B\u00dcY\u00dcK G\u00dc\u00c7LER"},"content":{"rendered":"<p>Ermeni a\u015f\u0131r\u0131 milliyet\u00e7ilerinin, d\u00fcnyadaki di\u011fer milliyet\u00e7iler gibi istekleri, hayalleri ve korkular\u0131 olmu\u015ftur, olacakt\u0131r. Gaidz Minassian\u2019\u0131n b\u00fcy\u00fck bir \u00e7aba vererek yaratt\u0131\u011f\u0131 eseri okundu\u011funda uluslararas\u0131 geli\u015fmeler kar\u015f\u0131s\u0131nda tek ba\u015f\u0131na rol alman\u0131n k\u00fc\u00e7\u00fck ve orta boy devletlerin elinde olmad\u0131\u011f\u0131 g\u00f6r\u00fclmektedir. G\u00fcn\u00fcm\u00fczde, Ermenistan ve T\u00fcrkiye aralar\u0131ndaki sorunlar\u0131 \u00e7\u00f6zseler bile G\u00fcney Kafkaslar\u0131 kaybetmemek i\u00e7in \u015fimdiye kadar \u00e7e\u015fitli oyunlar oynayan Rusya bu geli\u015fmeye izin verecek midir?<\/p>\n<p>Rusya kendisinin d\u0131\u015f\u0131nda Bat\u0131 \u00fclkelerine enerji yollar\u0131n\u0131n a\u00e7\u0131lmas\u0131n\u0131 kabul edebilir mi? Bu sorular\u0131 sormam\u0131z\u0131n nedeni Rusya\u2019n\u0131n Ermenistan\u2019\u0131n silahlanmas\u0131n\u0131 \u0130ran \u00fczerinden yapmas\u0131d\u0131r. Rusya, Ermenistan\u2019\u0131 herhangi bir \u00e7at\u0131\u015fma kar\u015f\u0131s\u0131nda g\u00fc\u00e7lendirmeye devam etmektedir. Ermenistan Anayasa Mahkemesi\u2019nin T\u00fcrkiye ile imzalanan protokollerin Ermenistan Anayasas\u0131\u2019na ayk\u0131r\u0131 bulmas\u0131n\u0131n ard\u0131ndan T\u00fcrkiye protokollerin ne i\u015fe yarad\u0131\u011f\u0131n\u0131 sorgularken; Mart ay\u0131 i\u00e7inde Amerikan Kongresi\u2019nin Temsilciler Meclisi\u2019nin D\u0131\u015f \u0130li\u015fkiler Komitesi\u2019nde 1915 olaylar\u0131n\u0131 soyk\u0131r\u0131m\u0131 olarak g\u00f6ren bir karar\u0131n \u00e7\u0131kmas\u0131 ve T\u00fcrkiye bu olay\u0131n \u015fokunu ya\u015farken ard\u0131ndan \u0130sve\u00e7 Parlamentosu\u2019nun \u201c<em>Ermeni soyk\u0131r\u0131m\u0131<\/em>\u201d karar\u0131 almas\u0131, T\u00fcrkiye\u2019yi ve h\u00fck\u00fcmeti zor duruma sokmu\u015ftur.<\/p>\n<p>Ermenistan\u2019\u0131n Bat\u0131l\u0131 \u00fclkeler ve Rusya taraf\u0131ndan desteklendi\u011fi do\u011frudur. Ancak:&nbsp;<\/p>\n<ul>\n<li>Yarat\u0131lan \u201cArap Bahar\u0131\u201d;<\/li>\n<li>Arkas\u0131ndan ayakland\u0131r\u0131lan Suriye muhalefeti;<\/li>\n<li>Bir yandan radikal Araplar\u0131 insans\u0131z hava u\u00e7aklar\u0131 ile \u00f6ld\u00fcr\u00fcrken Suriye\u2019deki radikal islamc\u0131lara silah verip I\u015eID\u2019\u0131n (Dai\u015f) yarat\u0131lmas\u0131;<\/li>\n<li>G\u00fcney Kafkaslar\u2019da \u0130slam Devleti kurulu\u015funu Suudi Arabistan\u2019\u0131n desteklemesi ve olaylar\u0131n yeniden geli\u015fmesi;<\/li>\n<li>Rusya ile Bat\u0131 aras\u0131nda Ukrayna Sorunu\u2019nun \u00e7\u0131kmas\u0131 ve Rusya\u2019ya kar\u015f\u0131 ekonomik ambargo uygulanmas\u0131;<\/li>\n<li>G\u00fcney ak\u0131m\u0131n\u0131n Bulgaristan\u2019dan ge\u00e7mesine izin verilmemesi;<\/li>\n<li>Ba\u015fta RF olmak \u00fczere s\u00fcrekli T\u00fcrkiye\u2019yi ziyaret ederek destek isteyen Bat\u0131l\u0131 devletlerin T\u00fcrkiye\u2019ye gereksinme duymalar\u0131 kar\u015f\u0131s\u0131nda Ermenistan\u2019\u0131n daha sakin olup 1948\u2019de kabul edilen Soyk\u0131r\u0131m S\u00f6zle\u015fmesi\u2019nin geriye y\u00fcr\u00fcmeyece\u011fini bilerek T\u00fcrkiye\u2019yi pek fazla s\u0131k\u0131\u015ft\u0131ramayaca\u011f\u0131 tahmin edilebilir.<\/li>\n<\/ul>\n<p>Daha somut bir bi\u00e7imde ifade edersek; Rusya Federasyonu, Kafkas b\u00f6lgesinde \u0130slami hareketler geli\u015firken Azerbaycan ve T\u00fcrkiye ile dost kalmay\u0131 ye\u011fleyecektir. Topal \u00f6rdek durumunda olan ABD Ba\u015fkan\u0131n bir yanda \u00c7in \u00f6te yanda I\u015eID ve i\u00e7erde Neocon lobisiyle u\u011fra\u015f\u0131rken bir de T\u00fcrkiye\u2019yi kar\u015f\u0131s\u0131na almas\u0131, elini Ortado\u011fu\u2019da zay\u0131flatacakt\u0131r.<\/p>\n<p>Bu arada Ermenilerin ve taraftarlar\u0131n\u0131n makale ve kitap bollu\u011fuyla 2015 y\u0131l\u0131 i\u00e7inde d\u00fcnya tarihini yeniden yazarken, kendilerini s\u0131k s\u0131k kullanan \u00fclkelere tepki g\u00f6stermeleri de beklenebilir.<\/p>\n<a href=\" https:\/\/tesam.org.tr\/wp-content\/uploads\/2019\/04\/TESAM-ANAL\u0130Z_Jeopolitik-Oyunlar-Ermenistan-T\u00fcrkiye-Ve-B\u00fcy\u00fck-G\u00fc\u00e7ler.pdf\" class=\"shortc-button medium blue\">Devam\u0131 \u0130\u00e7in T\u0131klay\u0131n\u0131z<\/a>\n<p>&nbsp;<\/p>","protected":false},"excerpt":{"rendered":"<p>Ermeni a\u015f\u0131r\u0131 milliyet\u00e7ilerinin, d\u00fcnyadaki di\u011fer milliyet\u00e7iler gibi istekleri, hayalleri ve korkular\u0131 olmu\u015ftur, olacakt\u0131r. Gaidz Minassian\u2019\u0131n b\u00fcy\u00fck bir \u00e7aba vererek yaratt\u0131\u011f\u0131 eseri okundu\u011funda uluslararas\u0131 geli\u015fmeler kar\u015f\u0131s\u0131nda tek ba\u015f\u0131na rol alman\u0131n k\u00fc\u00e7\u00fck ve orta boy devletlerin elinde olmad\u0131\u011f\u0131 g\u00f6r\u00fclmektedir. G\u00fcn\u00fcm\u00fczde, Ermenistan ve T\u00fcrkiye aralar\u0131ndaki sorunlar\u0131 \u00e7\u00f6zseler bile G\u00fcney Kafkaslar\u0131 kaybetmemek i\u00e7in \u015fimdiye kadar \u00e7e\u015fitli oyunlar oynayan Rusya &#8230;<\/p>","protected":false},"author":1,"featured_media":2567,"comment_status":"closed","ping_status":"open","sticky":false,"template":"","format":"standard","meta":{"ngg_post_thumbnail":0},"categories":[44],"tags":[58,59,43],"_links":{"self":[{"href":"https:\/\/tesam.org.tr\/en\/wp-json\/wp\/v2\/posts\/2558"}],"collection":[{"href":"https:\/\/tesam.org.tr\/en\/wp-json\/wp\/v2\/posts"}],"about":[{"href":"https:\/\/tesam.org.tr\/en\/wp-json\/wp\/v2\/types\/post"}],"author":[{"embeddable":true,"href":"https:\/\/tesam.org.tr\/en\/wp-json\/wp\/v2\/users\/1"}],"replies":[{"embeddable":true,"href":"https:\/\/tesam.org.tr\/en\/wp-json\/wp\/v2\/comments?post=2558"}],"version-history":[{"count":4,"href":"https:\/\/tesam.org.tr\/en\/wp-json\/wp\/v2\/posts\/2558\/revisions"}],"predecessor-version":[{"id":2588,"href":"https:\/\/tesam.org.tr\/en\/wp-json\/wp\/v2\/posts\/2558\/revisions\/2588"}],"wp:featuredmedia":[{"embeddable":true,"href":"https:\/\/tesam.org.tr\/en\/wp-json\/wp\/v2\/media\/2567"}],"wp:attachment":[{"href":"https:\/\/tesam.org.tr\/en\/wp-json\/wp\/v2\/media?parent=2558"}],"wp:term":[{"taxonomy":"category","embeddable":true,"href":"https:\/\/tesam.org.tr\/en\/wp-json\/wp\/v2\/categories?post=2558"},{"taxonomy":"post_tag","embeddable":true,"href":"https:\/\/tesam.org.tr\/en\/wp-json\/wp\/v2\/tags?post=2558"}],"curies":[{"name":"wp","href":"https:\/\/api.w.org\/{rel}","templated":true}]}}