{"id":2662,"date":"2019-05-03T16:14:45","date_gmt":"2019-05-03T13:14:45","guid":{"rendered":"https:\/\/tesam.org.tr\/?p=2662"},"modified":"2019-05-03T16:14:57","modified_gmt":"2019-05-03T13:14:57","slug":"tesam-hollanda-ziyaretleri-kapsaminda-amsterdamda-turkevini-ziyaret-etti","status":"publish","type":"post","link":"https:\/\/tesam.org.tr\/en\/tesam-hollanda-ziyaretleri-kapsaminda-amsterdamda-turkevini-ziyaret-etti\/","title":{"rendered":"TESAM Hollanda ziyaretleri kapsam\u0131nda Amsterdam&#8217;da T\u00dcRKEV\u0130&#8217;ni ziyaret etti."},"content":{"rendered":"<p>&nbsp;TESAM\u2019\u0131n Hollanda ziyaretinde Hollanda T\u00fcrkevi Ara\u015ft\u0131rmalar Merkezi\u2019nde bir araya gelen T\u00fcrk sivil toplum kurulu\u015flar\u0131 taraf\u0131ndan toplant\u0131 g\u00fcndemine ta\u015f\u0131nan T\u00fcrk sivil diplomasisinin \u00f6nemine dikkat \u00e7ekildi.<\/p>\n<p>TESAM Ba\u015fkan\u0131 sn. \u0130lyas BOZKURT ve T\u00fcrkevi Ara\u015ft\u0131rmalar Merkezi Ba\u015fkan\u0131 sn. Veyis G\u00dcNG\u00d6R&#8217;\u00fcn konu\u015fma yapt\u0131\u011f\u0131 toplant\u0131da, Avrupa\u2019da sivil diplomasinin stratejik yap\u0131labilmesi i\u00e7in yeni T\u00fcrk d\u00fc\u015f\u00fcnce kurulu\u015flar\u0131na, ara\u015ft\u0131rma ve geli\u015ftirme merkezlerine ihtiya\u00e7 duyuldu\u011fu belirtildi. Bu ba\u011flamda, Avrupa\u2019daki mevcut T\u00fcrk Sivil Toplum Kurulu\u015flar\u0131n\u0131n misyonlar\u0131n\u0131 yeniden g\u00f6zden ge\u00e7irmeleri ve yeni kurulu\u015flar\u0131n do\u011fmas\u0131na zemin haz\u0131rlanmas\u0131 gerekti\u011fi ifade edildi. Ayr\u0131ca toplant\u0131da, Avrupa T\u00fcrk STK\u2019lar\u0131n da, g\u00f6\u00e7menlik ve az\u0131nl\u0131k stat\u00fcs\u00fcnden kaynaklanan sorunlarla bo\u011fulmamalar\u0131, k\u00fcresel etkinlikler ortaya koyarak T\u00fcrk d\u00fcnyas\u0131, akraba topluluklar ve d\u00fcnyadaki t\u00fcm mazlumlara uzanan faaliyetler yap\u0131lmas\u0131 teklif olarak sunuldu.<\/p>\n<p>T\u00fcrkiye\u2019deki STK\u2019lara, \u00f6zellikle s\u0131n\u0131r \u00f6tesi faaliyette bulunanlara \u00e7a\u011fr\u0131da bulunularak, faaliyetlerinin ayni ve acil yard\u0131mla s\u0131n\u0131rl\u0131 kalmamas\u0131 tavsiyesinde bulunuldu. Avrupa, Afrika, T\u00fcrkistan ve Balkanlar\u2019daki faaliyetlerin k\u00fclt\u00fcr ve medeniyetimizin varolu\u015f anlay\u0131\u015f\u0131 do\u011frultusunda geni\u015fletilmesi \u00e7a\u011fr\u0131s\u0131 yap\u0131ld\u0131.<\/p>","protected":false},"excerpt":{"rendered":"<p>&nbsp;TESAM\u2019\u0131n Hollanda ziyaretinde Hollanda T\u00fcrkevi Ara\u015ft\u0131rmalar Merkezi\u2019nde bir araya gelen T\u00fcrk sivil toplum kurulu\u015flar\u0131 taraf\u0131ndan toplant\u0131 g\u00fcndemine ta\u015f\u0131nan T\u00fcrk sivil diplomasisinin \u00f6nemine dikkat \u00e7ekildi. TESAM Ba\u015fkan\u0131 sn. \u0130lyas BOZKURT ve T\u00fcrkevi Ara\u015ft\u0131rmalar Merkezi Ba\u015fkan\u0131 sn. Veyis G\u00dcNG\u00d6R&#8217;\u00fcn konu\u015fma yapt\u0131\u011f\u0131 toplant\u0131da, Avrupa\u2019da sivil diplomasinin stratejik yap\u0131labilmesi i\u00e7in yeni T\u00fcrk d\u00fc\u015f\u00fcnce kurulu\u015flar\u0131na, ara\u015ft\u0131rma ve geli\u015ftirme merkezlerine ihtiya\u00e7 &#8230;<\/p>","protected":false},"author":1,"featured_media":2664,"comment_status":"closed","ping_status":"open","sticky":false,"template":"","format":"standard","meta":{"ngg_post_thumbnail":0},"categories":[1,66],"tags":[58,59,43],"_links":{"self":[{"href":"https:\/\/tesam.org.tr\/en\/wp-json\/wp\/v2\/posts\/2662"}],"collection":[{"href":"https:\/\/tesam.org.tr\/en\/wp-json\/wp\/v2\/posts"}],"about":[{"href":"https:\/\/tesam.org.tr\/en\/wp-json\/wp\/v2\/types\/post"}],"author":[{"embeddable":true,"href":"https:\/\/tesam.org.tr\/en\/wp-json\/wp\/v2\/users\/1"}],"replies":[{"embeddable":true,"href":"https:\/\/tesam.org.tr\/en\/wp-json\/wp\/v2\/comments?post=2662"}],"version-history":[{"count":2,"href":"https:\/\/tesam.org.tr\/en\/wp-json\/wp\/v2\/posts\/2662\/revisions"}],"predecessor-version":[{"id":2665,"href":"https:\/\/tesam.org.tr\/en\/wp-json\/wp\/v2\/posts\/2662\/revisions\/2665"}],"wp:featuredmedia":[{"embeddable":true,"href":"https:\/\/tesam.org.tr\/en\/wp-json\/wp\/v2\/media\/2664"}],"wp:attachment":[{"href":"https:\/\/tesam.org.tr\/en\/wp-json\/wp\/v2\/media?parent=2662"}],"wp:term":[{"taxonomy":"category","embeddable":true,"href":"https:\/\/tesam.org.tr\/en\/wp-json\/wp\/v2\/categories?post=2662"},{"taxonomy":"post_tag","embeddable":true,"href":"https:\/\/tesam.org.tr\/en\/wp-json\/wp\/v2\/tags?post=2662"}],"curies":[{"name":"wp","href":"https:\/\/api.w.org\/{rel}","templated":true}]}}