{"id":2766,"date":"2019-10-15T12:06:43","date_gmt":"2019-10-15T09:06:43","guid":{"rendered":"https:\/\/tesam.org.tr\/?p=2766"},"modified":"2020-04-01T13:30:49","modified_gmt":"2020-04-01T10:30:49","slug":"yeni-tehditler-guvenlik-ve-teknoloji","status":"publish","type":"post","link":"https:\/\/tesam.org.tr\/en\/yeni-tehditler-guvenlik-ve-teknoloji\/","title":{"rendered":"Kitap B\u00f6l\u00fcm\u00fc \u00c7a\u011fr\u0131s\u0131"},"content":{"rendered":"<h3 style=\"text-align: center;\"><strong>TESAM<\/strong><\/h3>\n<h3 style=\"text-align: center;\"><strong>ULUSLARARASI ED\u0130T\u00d6RL\u00dc K\u0130TAP B\u00d6L\u00dcM\u00dc<\/strong> <strong>\u00c7A\u011eRISI<\/strong><\/h3>\n<h3 style=\"text-align: center;\"><strong>\u201cYEN\u0130 TEHD\u0130TLER, G\u00dcVENL\u0130K VE TEKNOLOJ\u0130\u201d<\/strong><\/h3>\n<p><strong><u>De\u011ferli Ara\u015ft\u0131rmac\u0131 ve Akademisyenler;<\/u><\/strong><\/p>\n<p>\u0130leti\u015fim, ula\u015f\u0131m ve internet alanlar\u0131nda g\u00fcn\u00fcm\u00fczde tecr\u00fcbe edilmekte olan teknolojik geli\u015fim s\u00fcre\u00e7leri, Siyaset Bilimi ve Uluslararas\u0131 \u0130li\u015fkiler disiplinlerindeki g\u00fcvenlik \u00e7al\u0131\u015fmalar\u0131n\u0131n da klasik yakla\u015f\u0131mlar\u0131n \u00f6tesinde yeni ve g\u00fcncel de\u011ferlendirmeler ile analiz edilmesini mecbur k\u0131lmaktad\u0131r. Belirtilen alanlardaki teknolojik ilerlemeler ile birlikte tehdit odaklar\u0131 art\u0131k \u015fekil de\u011fi\u015ftirmi\u015f veya daha etkili hale gelmi\u015ftir. Tehdit t\u00fcrlerinin \u00e7e\u015fitlenmesi, \u015fekil de\u011fi\u015ftirmesi, kaynaklar\u0131n\u0131n belirsiz hale gelmesi ve zamanlamalar\u0131n\u0131n \u00e7ok daha fazla \u00f6ng\u00f6r\u00fclemez olmas\u0131 Siyaset Bilimi ve Uluslararas\u0131 \u0130li\u015fkiler disiplinlerindeki g\u00fcvenlik analizlerinin de yeni yakla\u015f\u0131mlar ve bak\u0131\u015f a\u00e7\u0131lar\u0131 ile ele al\u0131nmas\u0131na neden olmu\u015ftur.<\/p>\n<p>Bu kapsamda TESAM Yay\u0131nlar\u0131 olarak <strong>T\u00fcrkiye\u2019deki Uluslararas\u0131 \u0130li\u015fkiler, Siyaset Bilimi ve Kamu Y\u00f6netimi alan\u0131nda<\/strong> y\u00fcr\u00fct\u00fclen \u00e7al\u0131\u015fmalara katk\u0131 sa\u011flamas\u0131 amac\u0131yla <strong>\u201cYeni Tehditler, G\u00fcvenlik ve Teknoloji\u201d <\/strong>isimli kitap projesinde sizi de yer almaya davet ediyoruz.<\/p>\n<p>Kitab\u0131n, \u00dcniversiteler Aras\u0131 Kurul Ba\u015fkanl\u0131\u011f\u0131 (\u00dcAK)\u2019n\u0131n Do\u00e7entlik Ba\u015fvuru \u015eartlar\u0131nda belirtti\u011fi tan\u0131mdaki \u201cTan\u0131nm\u0131\u015f Uluslararas\u0131 Yay\u0131nevi\u201d \u015fartlar\u0131na haiz (En az be\u015f y\u0131l uluslararas\u0131 d\u00fczeyde d\u00fczenli faaliyet y\u00fcr\u00fcten, yay\u0131mlad\u0131\u011f\u0131 kitaplar d\u00fcnyan\u0131n bilinen \u00fcniversitelerinin kataloglar\u0131nda yer alan bir yay\u0131nevinde uluslararas\u0131 ISBN No al\u0131narak yay\u0131mlanmas\u0131 planlanmaktad\u0131r.<\/p>\n<p>Kitapta yer alan b\u00f6l\u00fcmler bir ya da birden fazla yazarl\u0131 olabilece\u011fi gibi, ayn\u0131 yazar birden fazla eserle de katk\u0131 sunabilir. Orijinal ara\u015ft\u0131rma ve derleme t\u00fcr\u00fcndeki daha \u00f6nce yay\u0131mlanmam\u0131\u015f \u00e7al\u0131\u015fmalardan olu\u015facak kitapta her yazar kendi \u00e7al\u0131\u015fmas\u0131ndan sorumludur. Yay\u0131nevi ve Edit\u00f6rler yay\u0131mlanacak olan kitapta yer alan b\u00f6l\u00fcmlerde var\u0131lan sonu\u00e7lar veya fikirlerin sorumlulu\u011funu ta\u015f\u0131mamaktad\u0131r. Yay\u0131nevi ve Edit\u00f6rlerin, bu yay\u0131nda ileri s\u00fcr\u00fclen bilgi, alet, \u00fcr\u00fcn ya da i\u015flevlerin do\u011frulu\u011fu, b\u00fct\u00fcnl\u00fc\u011f\u00fc, uygunlu\u011fu ve kullan\u0131l\u0131rl\u0131\u011f\u0131 konusunda bir y\u00fcklenimi ve iddias\u0131 bulunmamaktad\u0131r. Bu sebeple herhangi bir nedenle sorumlu tutulamazlar.<\/p>\n<p>Kitapta yer alacak b\u00f6l\u00fcmlerin herhangi bir k\u0131sm\u0131, Yay\u0131nevinin yaz\u0131l\u0131 izni olmad\u0131k\u00e7a kaynak g\u00f6sterilmeden yay\u0131nlanamaz, bilgi saklama sistemine al\u0131namaz veya elektronik, mekanik vb sistemlerle \u00e7o\u011falt\u0131lamaz. Yay\u0131mlanmak \u00fczere g\u00f6nderilen yaz\u0131lar iade edilmez ve yay\u0131nlanan yaz\u0131lar i\u00e7in telif hakk\u0131 \u00f6denmez.<\/p>\n<p>Kitap\u2019ta yay\u0131n talebinde bulunan her kat\u0131l\u0131mc\u0131dan belli bir miktar yay\u0131n \u00fccreti talep edilecektir. Haz\u0131rlanan kitap yazarlara 18 \u015eubat 2020 tarihinde bas\u0131l\u0131 olarak ula\u015ft\u0131r\u0131lacakt\u0131r. Her yazara \u00fccretsiz olarak 1 (bir) kitap g\u00f6nderilecektir. Yazarlar, bahsi ge\u00e7en kitap b\u00f6l\u00fcm\u00fc ba\u015fvuru s\u00fcrecinde, yaz\u0131m s\u00fcrecinde \u00f6nemli tarihlere g\u00f6re hareket etmelidirler. G\u00f6nderilen yaz\u0131lar TESAM Yay\u0131nlar\u0131 Yaz\u0131m kurallar\u0131na uygun olarak haz\u0131rlanmal\u0131d\u0131r.<\/p>\n<p>Siz de\u011ferli bilim insan\u0131n\u0131n da projemizde bir b\u00f6l\u00fcm yazarl\u0131\u011f\u0131 ile temsil edilmenizi istemekteyiz. Bu ba\u011flamda konu ile ilgili geri d\u00f6n\u00fc\u015f\u00fcn\u00fcz\u00fc bekleriz. Sayg\u0131lar\u0131mla.<\/p>\n<h4><strong>Edit\u00f6r <\/strong><\/h4>\n<p>Dr. \u00d6\u011fretim \u00dcyesi Ali Burak DARICILI<\/p>\n<p>E-Posta: ali.daricili@bt\u00fc.edu.tr<\/p>\n<h4><strong>Kitap B\u00f6l\u00fcm\u00fc Koordinasyon ve \u0130leti\u015fim <\/strong><\/h4>\n<p>Muhammet AYDO\u011eAN<\/p>\n<p>E-Posta: <a href=\"mailto:tesamyayinlari@gmail.com\">tesamyayinlari@gmail.com<\/a> &#8211; <a href=\"mailto:Muhammet.aydogan@tesam.org.tr\">Muhammet.aydogan@tesam.org.tr<\/a><\/p>\n<h3><strong>&nbsp;<\/strong><strong>\u00d6NEML\u0130 B\u0130LG\u0130LER<\/strong><\/h3>\n<p>\u00c7al\u0131\u015fmalarla ilgili \u0130NT\u0130HAL taramas\u0131 sorumlu yazarlar ve Edit\u00f6r taraf\u0131ndan yap\u0131lacak olup, \u0130NT\u0130HAL tespit edilen eserler yay\u0131nlanmayacakt\u0131r. Bu konuda Edit\u00f6r ve Yay\u0131nevi sorumlu olmay\u0131p, ya\u015fanacak Hukuki ihtilaflarda t\u00fcm sorumluluk ilgili b\u00f6l\u00fcm yazarlar\u0131na aittir. G\u00f6nderilen b\u00f6l\u00fcm \u00f6nerilerinde pratikten yola \u00e7\u0131karak yeni fikirler, teknikler ve \u00e7\u00f6z\u00fcmlemeler \u00fcreten metinlere \u00f6ncelik verilmektedir. B\u00f6l\u00fcmlerin TESAM Belirtilen kitap i\u00e7in tam metinlerin <strong>en ge\u00e7 5 Ocak 2020<\/strong>&nbsp;tarihine kadar ula\u015ft\u0131rmalar\u0131 gerekmektedir. Bahse konu kitap i\u00e7in b\u00f6l\u00fcm haz\u0131rlamay\u0131 planlayan ara\u015ft\u0131rmac\u0131 ve akademisyenlerin en az doktora \u00f6\u011frencisi seviyesinde olmas\u0131 gerekmektedir. Sorular\u0131n\u0131za en k\u0131sa s\u00fcrede cevap alabilmek i\u00e7in&nbsp;<strong>tesamyayinlari@gmail.com<\/strong>&nbsp;adresine mail g\u00f6nderebilirsiniz.<\/p>\n<p>TESAM hakk\u0131nda ayr\u0131nt\u0131l\u0131 bilgi <strong>i\u00e7in&nbsp;www.tesam.org.tr<\/strong> ve <strong>www.tesamakademi.com<\/strong>&nbsp;adresi ziyaret edilebilir.<\/p>\n<table width=\"496\">\n<tbody>\n<tr>\n<td width=\"352\">\n<h4><strong>\u00d6NEML\u0130 TAR\u0130HLER<\/strong><\/h4>\n<\/td>\n<td width=\"144\">&nbsp;<\/td>\n<\/tr>\n<tr>\n<td width=\"352\">Ba\u015fvuru i\u00e7in Son Tarih<\/td>\n<td width=\"144\">20 Aral\u0131k 2019<\/td>\n<\/tr>\n<tr>\n<td width=\"352\">Tam Metinlerin G\u00f6nderilmesi<\/td>\n<td width=\"144\">5 Ocak 2020<\/td>\n<\/tr>\n<tr>\n<td width=\"352\">Hakem D\u00fczeltmeleri i\u00e7in Son Tarih<\/td>\n<td width=\"144\">19 Ocak 2020<\/td>\n<\/tr>\n<tr>\n<td width=\"352\">Kitab\u0131n Yazarlara Ula\u015ft\u0131r\u0131lmas\u0131<\/td>\n<td width=\"144\">18 \u015eubat 2020<\/td>\n<\/tr>\n<\/tbody>\n<\/table>\n<p>&nbsp;<\/p>\n<a href=\" https:\/\/tesam.org.tr\/wp-content\/uploads\/2019\/10\/TESAM-Kitap-B\u00f6l\u00fcm\u00fc-\u00c7a\u011fr\u0131.pdf\" target=\"_blank\" class=\"shortc-button medium blue\">Kitap B\u00f6l\u00fcm\u00fc \u00c7a\u011fr\u0131 Metni i\u00e7in T\u0131klay\u0131n\u0131z<\/a>","protected":false},"excerpt":{"rendered":"<p>TESAM ULUSLARARASI ED\u0130T\u00d6RL\u00dc K\u0130TAP B\u00d6L\u00dcM\u00dc \u00c7A\u011eRISI \u201cYEN\u0130 TEHD\u0130TLER, G\u00dcVENL\u0130K VE TEKNOLOJ\u0130\u201d De\u011ferli Ara\u015ft\u0131rmac\u0131 ve Akademisyenler; \u0130leti\u015fim, ula\u015f\u0131m ve internet alanlar\u0131nda g\u00fcn\u00fcm\u00fczde tecr\u00fcbe edilmekte olan teknolojik geli\u015fim s\u00fcre\u00e7leri, Siyaset Bilimi ve Uluslararas\u0131 \u0130li\u015fkiler disiplinlerindeki g\u00fcvenlik \u00e7al\u0131\u015fmalar\u0131n\u0131n da klasik yakla\u015f\u0131mlar\u0131n \u00f6tesinde yeni ve g\u00fcncel de\u011ferlendirmeler ile analiz edilmesini mecbur k\u0131lmaktad\u0131r. Belirtilen alanlardaki teknolojik ilerlemeler ile birlikte tehdit &#8230;<\/p>","protected":false},"author":1,"featured_media":2776,"comment_status":"closed","ping_status":"open","sticky":false,"template":"","format":"standard","meta":{"ngg_post_thumbnail":0},"categories":[1],"tags":[],"_links":{"self":[{"href":"https:\/\/tesam.org.tr\/en\/wp-json\/wp\/v2\/posts\/2766"}],"collection":[{"href":"https:\/\/tesam.org.tr\/en\/wp-json\/wp\/v2\/posts"}],"about":[{"href":"https:\/\/tesam.org.tr\/en\/wp-json\/wp\/v2\/types\/post"}],"author":[{"embeddable":true,"href":"https:\/\/tesam.org.tr\/en\/wp-json\/wp\/v2\/users\/1"}],"replies":[{"embeddable":true,"href":"https:\/\/tesam.org.tr\/en\/wp-json\/wp\/v2\/comments?post=2766"}],"version-history":[{"count":18,"href":"https:\/\/tesam.org.tr\/en\/wp-json\/wp\/v2\/posts\/2766\/revisions"}],"predecessor-version":[{"id":2882,"href":"https:\/\/tesam.org.tr\/en\/wp-json\/wp\/v2\/posts\/2766\/revisions\/2882"}],"wp:featuredmedia":[{"embeddable":true,"href":"https:\/\/tesam.org.tr\/en\/wp-json\/wp\/v2\/media\/2776"}],"wp:attachment":[{"href":"https:\/\/tesam.org.tr\/en\/wp-json\/wp\/v2\/media?parent=2766"}],"wp:term":[{"taxonomy":"category","embeddable":true,"href":"https:\/\/tesam.org.tr\/en\/wp-json\/wp\/v2\/categories?post=2766"},{"taxonomy":"post_tag","embeddable":true,"href":"https:\/\/tesam.org.tr\/en\/wp-json\/wp\/v2\/tags?post=2766"}],"curies":[{"name":"wp","href":"https:\/\/api.w.org\/{rel}","templated":true}]}}