{"id":2785,"date":"2019-10-15T12:03:40","date_gmt":"2019-10-15T09:03:40","guid":{"rendered":"https:\/\/tesam.org.tr\/?p=2785"},"modified":"2019-10-15T12:07:53","modified_gmt":"2019-10-15T09:07:53","slug":"tesam-heyeti-istanbul-ticaret-universitesi-rektoru-prof-dr-yucel-ugurluya-hayirli-olsun-ziyareti","status":"publish","type":"post","link":"https:\/\/tesam.org.tr\/en\/tesam-heyeti-istanbul-ticaret-universitesi-rektoru-prof-dr-yucel-ugurluya-hayirli-olsun-ziyareti\/","title":{"rendered":"TESAM heyeti, \u0130stanbul Ticaret \u00dcniversitesi Rekt\u00f6r\u00fc Prof. Dr. Y\u00fccel U\u011furlu\u2019ya Hay\u0131rl\u0131 Olsun Ziyareti"},"content":{"rendered":"<p>TESAM Genel Ba\u015fkan\u0131 Muhammet \u0130lyas Bozkurt ve beraberindeki TESAM heyeti, \u0130stanbul Ticaret \u00dcniversitesi Rekt\u00f6r\u00fc Prof. Dr. Y\u00fccel U\u011furlu\u2019ya hay\u0131rl\u0131 olsun ziyaretinde bulundu.<br \/>\nZiyarette TESAM faaliyetleri ve projelerinden bahsedildi.<\/p>","protected":false},"excerpt":{"rendered":"<p>TESAM Genel Ba\u015fkan\u0131 Muhammet \u0130lyas Bozkurt ve beraberindeki TESAM heyeti, \u0130stanbul Ticaret \u00dcniversitesi Rekt\u00f6r\u00fc Prof. Dr. Y\u00fccel U\u011furlu\u2019ya hay\u0131rl\u0131 olsun ziyaretinde bulundu. Ziyarette TESAM faaliyetleri ve projelerinden bahsedildi.<\/p>","protected":false},"author":1,"featured_media":2787,"comment_status":"closed","ping_status":"open","sticky":false,"template":"","format":"standard","meta":{"ngg_post_thumbnail":0},"categories":[66],"tags":[58,59,43],"_links":{"self":[{"href":"https:\/\/tesam.org.tr\/en\/wp-json\/wp\/v2\/posts\/2785"}],"collection":[{"href":"https:\/\/tesam.org.tr\/en\/wp-json\/wp\/v2\/posts"}],"about":[{"href":"https:\/\/tesam.org.tr\/en\/wp-json\/wp\/v2\/types\/post"}],"author":[{"embeddable":true,"href":"https:\/\/tesam.org.tr\/en\/wp-json\/wp\/v2\/users\/1"}],"replies":[{"embeddable":true,"href":"https:\/\/tesam.org.tr\/en\/wp-json\/wp\/v2\/comments?post=2785"}],"version-history":[{"count":1,"href":"https:\/\/tesam.org.tr\/en\/wp-json\/wp\/v2\/posts\/2785\/revisions"}],"predecessor-version":[{"id":2788,"href":"https:\/\/tesam.org.tr\/en\/wp-json\/wp\/v2\/posts\/2785\/revisions\/2788"}],"wp:featuredmedia":[{"embeddable":true,"href":"https:\/\/tesam.org.tr\/en\/wp-json\/wp\/v2\/media\/2787"}],"wp:attachment":[{"href":"https:\/\/tesam.org.tr\/en\/wp-json\/wp\/v2\/media?parent=2785"}],"wp:term":[{"taxonomy":"category","embeddable":true,"href":"https:\/\/tesam.org.tr\/en\/wp-json\/wp\/v2\/categories?post=2785"},{"taxonomy":"post_tag","embeddable":true,"href":"https:\/\/tesam.org.tr\/en\/wp-json\/wp\/v2\/tags?post=2785"}],"curies":[{"name":"wp","href":"https:\/\/api.w.org\/{rel}","templated":true}]}}