{"id":2832,"date":"2019-11-13T13:21:44","date_gmt":"2019-11-13T10:21:44","guid":{"rendered":"https:\/\/tesam.org.tr\/?p=2832"},"modified":"2019-12-02T16:04:17","modified_gmt":"2019-12-02T13:04:17","slug":"genc-tesam-2019-uluslararasi-sosyal-bilimler-ogrenci-kongresi-kapanis-oturumu","status":"publish","type":"post","link":"https:\/\/tesam.org.tr\/en\/genc-tesam-2019-uluslararasi-sosyal-bilimler-ogrenci-kongresi-kapanis-oturumu\/","title":{"rendered":"Gen\u00e7 Tesam 2019 Uluslararas\u0131 Sosyal Bilimler \u00d6\u011frenci Kongresi Kapan\u0131\u015f Oturumu"},"content":{"rendered":"<p>Gen\u00e7 Tesam 2019 Uluslararas\u0131 Sosyal Bilimler \u00d6\u011frenci Kongresi Kapan\u0131\u015f Oturumu, Kongre D\u00fczenleme Kurulu Ba\u015fkan\u0131 Do\u00e7. Dr. Sema AY&#8217;\u0131n konu\u015fmas\u0131yla ger\u00e7ekle\u015fti.<\/p>\n\n        <style type='text\/css'>\n            #gallery-1 {\n                margin: auto;\n            }\n            #gallery-1 .gallery-item {\n                float: left;\n                margin-top: 10px;\n                text-align: center;\n                width: 50%;           }\n            #gallery-1 img {\n                border: 2px solid #cfcfcf;\n            }\n            #gallery-1 .gallery-caption {\n                margin-left: 0;\n            }\n        <\/style>\n        <!-- see gallery_shortcode() in wp-includes\/media.php -->\n        <div id='gallery-1' class='gallery-images gallery galleryid-2832'><dl class='gallery-item'>\n            <dt class='gallery-icon'>\n                <a href='https:\/\/tesam.org.tr\/wp-content\/uploads\/2019\/11\/kapan\u0131\u015f-1.jpg'><img width=\"300\" height=\"199\" src=\"https:\/\/tesam.org.tr\/wp-content\/uploads\/2019\/11\/kapan\u0131\u015f-1-300x199.jpg\" class=\"attachment-medium size-medium\" alt=\"\" decoding=\"async\" loading=\"lazy\" srcset=\"https:\/\/tesam.org.tr\/wp-content\/uploads\/2019\/11\/kapan\u0131\u015f-1-300x199.jpg 300w, https:\/\/tesam.org.tr\/wp-content\/uploads\/2019\/11\/kapan\u0131\u015f-1-768x508.jpg 768w, https:\/\/tesam.org.tr\/wp-content\/uploads\/2019\/11\/kapan\u0131\u015f-1.jpg 1000w\" sizes=\"(max-width: 300px) 100vw, 300px\" \/><\/a>\n            <\/dt><\/dl><dl class='gallery-item'>\n            <dt class='gallery-icon'>\n                <a href='https:\/\/tesam.org.tr\/wp-content\/uploads\/2019\/11\/kapan\u0131\u015f-3.jpg'><img width=\"300\" height=\"199\" src=\"https:\/\/tesam.org.tr\/wp-content\/uploads\/2019\/11\/kapan\u0131\u015f-3-300x199.jpg\" class=\"attachment-medium size-medium\" alt=\"\" decoding=\"async\" loading=\"lazy\" srcset=\"https:\/\/tesam.org.tr\/wp-content\/uploads\/2019\/11\/kapan\u0131\u015f-3-300x199.jpg 300w, https:\/\/tesam.org.tr\/wp-content\/uploads\/2019\/11\/kapan\u0131\u015f-3-768x508.jpg 768w, https:\/\/tesam.org.tr\/wp-content\/uploads\/2019\/11\/kapan\u0131\u015f-3.jpg 1000w\" sizes=\"(max-width: 300px) 100vw, 300px\" \/><\/a>\n            <\/dt><\/dl><br style=\"clear: both\" \/>\n            <br style='clear: both;' \/>\n        <\/div>\n\n<p>Kapan\u0131\u015f oturumu sonras\u0131 kat\u0131l\u0131mc\u0131lar birlikte foto\u011fraf \u00e7ektirdi.<\/p>\n\n        <style type='text\/css'>\n            #gallery-2 {\n                margin: auto;\n            }\n            #gallery-2 .gallery-item {\n                float: left;\n                margin-top: 10px;\n                text-align: center;\n                width: 50%;           }\n            #gallery-2 img {\n                border: 2px solid #cfcfcf;\n            }\n            #gallery-2 .gallery-caption {\n                margin-left: 0;\n            }\n        <\/style>\n        <!-- see gallery_shortcode() in wp-includes\/media.php -->\n        <div id='gallery-2' class='gallery-images gallery galleryid-2832'><dl class='gallery-item'>\n            <dt class='gallery-icon'>\n                <a href='https:\/\/tesam.org.tr\/wp-content\/uploads\/2019\/11\/kapan\u0131\u015f-11.jpg'><img width=\"300\" height=\"161\" src=\"https:\/\/tesam.org.tr\/wp-content\/uploads\/2019\/11\/kapan\u0131\u015f-11-300x161.jpg\" class=\"attachment-medium size-medium\" alt=\"\" decoding=\"async\" loading=\"lazy\" srcset=\"https:\/\/tesam.org.tr\/wp-content\/uploads\/2019\/11\/kapan\u0131\u015f-11-300x161.jpg 300w, https:\/\/tesam.org.tr\/wp-content\/uploads\/2019\/11\/kapan\u0131\u015f-11-768x412.jpg 768w, https:\/\/tesam.org.tr\/wp-content\/uploads\/2019\/11\/kapan\u0131\u015f-11.jpg 1000w\" sizes=\"(max-width: 300px) 100vw, 300px\" \/><\/a>\n            <\/dt><\/dl><dl class='gallery-item'>\n            <dt class='gallery-icon'>\n                <a href='https:\/\/tesam.org.tr\/wp-content\/uploads\/2019\/11\/kapan\u0131\u015f-10.jpg'><img width=\"300\" height=\"199\" src=\"https:\/\/tesam.org.tr\/wp-content\/uploads\/2019\/11\/kapan\u0131\u015f-10-300x199.jpg\" class=\"attachment-medium size-medium\" alt=\"\" decoding=\"async\" loading=\"lazy\" srcset=\"https:\/\/tesam.org.tr\/wp-content\/uploads\/2019\/11\/kapan\u0131\u015f-10-300x199.jpg 300w, https:\/\/tesam.org.tr\/wp-content\/uploads\/2019\/11\/kapan\u0131\u015f-10-768x508.jpg 768w, https:\/\/tesam.org.tr\/wp-content\/uploads\/2019\/11\/kapan\u0131\u015f-10.jpg 1000w\" sizes=\"(max-width: 300px) 100vw, 300px\" \/><\/a>\n            <\/dt><\/dl><br style=\"clear: both\" \/><dl class='gallery-item'>\n            <dt class='gallery-icon'>\n                <a href='https:\/\/tesam.org.tr\/wp-content\/uploads\/2019\/11\/kapan\u0131\u015f-5.jpg'><img width=\"300\" height=\"146\" src=\"https:\/\/tesam.org.tr\/wp-content\/uploads\/2019\/11\/kapan\u0131\u015f-5-300x146.jpg\" class=\"attachment-medium size-medium\" alt=\"\" decoding=\"async\" loading=\"lazy\" srcset=\"https:\/\/tesam.org.tr\/wp-content\/uploads\/2019\/11\/kapan\u0131\u015f-5-300x146.jpg 300w, https:\/\/tesam.org.tr\/wp-content\/uploads\/2019\/11\/kapan\u0131\u015f-5.jpg 750w\" sizes=\"(max-width: 300px) 100vw, 300px\" \/><\/a>\n            <\/dt><\/dl><dl class='gallery-item'>\n            <dt class='gallery-icon'>\n                <a href='https:\/\/tesam.org.tr\/wp-content\/uploads\/2019\/11\/kapan\u0131\u015f-2.jpg'><img width=\"300\" height=\"199\" src=\"https:\/\/tesam.org.tr\/wp-content\/uploads\/2019\/11\/kapan\u0131\u015f-2-300x199.jpg\" class=\"attachment-medium size-medium\" alt=\"\" decoding=\"async\" loading=\"lazy\" srcset=\"https:\/\/tesam.org.tr\/wp-content\/uploads\/2019\/11\/kapan\u0131\u015f-2-300x199.jpg 300w, https:\/\/tesam.org.tr\/wp-content\/uploads\/2019\/11\/kapan\u0131\u015f-2-768x508.jpg 768w, https:\/\/tesam.org.tr\/wp-content\/uploads\/2019\/11\/kapan\u0131\u015f-2.jpg 1000w\" sizes=\"(max-width: 300px) 100vw, 300px\" \/><\/a>\n            <\/dt><\/dl><br style=\"clear: both\" \/>\n            <br style='clear: both;' \/>\n        <\/div>","protected":false},"excerpt":{"rendered":"<p>Gen\u00e7 Tesam 2019 Uluslararas\u0131 Sosyal Bilimler \u00d6\u011frenci Kongresi Kapan\u0131\u015f Oturumu, Kongre D\u00fczenleme Kurulu Ba\u015fkan\u0131 Do\u00e7. Dr. Sema AY&#8217;\u0131n konu\u015fmas\u0131yla ger\u00e7ekle\u015fti. Kapan\u0131\u015f oturumu sonras\u0131 kat\u0131l\u0131mc\u0131lar birlikte foto\u011fraf \u00e7ektirdi.<\/p>","protected":false},"author":1,"featured_media":2836,"comment_status":"closed","ping_status":"open","sticky":false,"template":"","format":"standard","meta":{"ngg_post_thumbnail":0},"categories":[66],"tags":[],"_links":{"self":[{"href":"https:\/\/tesam.org.tr\/en\/wp-json\/wp\/v2\/posts\/2832"}],"collection":[{"href":"https:\/\/tesam.org.tr\/en\/wp-json\/wp\/v2\/posts"}],"about":[{"href":"https:\/\/tesam.org.tr\/en\/wp-json\/wp\/v2\/types\/post"}],"author":[{"embeddable":true,"href":"https:\/\/tesam.org.tr\/en\/wp-json\/wp\/v2\/users\/1"}],"replies":[{"embeddable":true,"href":"https:\/\/tesam.org.tr\/en\/wp-json\/wp\/v2\/comments?post=2832"}],"version-history":[{"count":1,"href":"https:\/\/tesam.org.tr\/en\/wp-json\/wp\/v2\/posts\/2832\/revisions"}],"predecessor-version":[{"id":2839,"href":"https:\/\/tesam.org.tr\/en\/wp-json\/wp\/v2\/posts\/2832\/revisions\/2839"}],"wp:featuredmedia":[{"embeddable":true,"href":"https:\/\/tesam.org.tr\/en\/wp-json\/wp\/v2\/media\/2836"}],"wp:attachment":[{"href":"https:\/\/tesam.org.tr\/en\/wp-json\/wp\/v2\/media?parent=2832"}],"wp:term":[{"taxonomy":"category","embeddable":true,"href":"https:\/\/tesam.org.tr\/en\/wp-json\/wp\/v2\/categories?post=2832"},{"taxonomy":"post_tag","embeddable":true,"href":"https:\/\/tesam.org.tr\/en\/wp-json\/wp\/v2\/tags?post=2832"}],"curies":[{"name":"wp","href":"https:\/\/api.w.org\/{rel}","templated":true}]}}