{"id":3155,"date":"2020-12-25T14:33:12","date_gmt":"2020-12-25T11:33:12","guid":{"rendered":"https:\/\/tesam.org.tr\/?p=3155"},"modified":"2020-12-25T16:52:21","modified_gmt":"2020-12-25T13:52:21","slug":"tesam-turkiye-turk-dunyasi-iliskilerinin-gelecegi-raporu","status":"publish","type":"post","link":"https:\/\/tesam.org.tr\/en\/tesam-turkiye-turk-dunyasi-iliskilerinin-gelecegi-raporu\/","title":{"rendered":"TESAM T\u00fcrkiye-T\u00fcrk D\u00fcnyas\u0131 \u0130li\u015fkilerinin Gelece\u011fi Raporu"},"content":{"rendered":"<p>G\u00fcn\u00fcm\u00fcz d\u00fcnyas\u0131nda d\u00fcnyaya y\u00f6n veren \u00fclkelerin \u201cBirle\u015fik Devletler\u201d modeline uygun bir \u015fekilde bir araya gelerek g\u00fc\u00e7l\u00fc ve b\u00fcy\u00fck birlikler haline geldi\u011fini g\u00f6rmekteyiz. 50 eyaletten olu\u015fan Amerika Birle\u015fik Devleti, 28 devletten olu\u015fan Avrupa Birli\u011fi, 34 idari b\u00f6lgeden (23 eyalet ve 11 eyalet d\u00fczeyinde idari b\u00f6lge) olu\u015fan \u00c7in Halk Cumhuriyeti ve 85 federal b\u00f6lgeden olu\u015fan Rusya Federasyonu buna en g\u00fczel \u00f6rnektir.<br>Bir birlik \u00e7at\u0131s\u0131 alt\u0131nda toplanan devletlerin g\u00fc\u00e7lendi\u011fi ve y\u00f6netici konuma geldi\u011fi, yaln\u0131z hareket eden devletlerin ise k\u00fc\u00e7\u00fcld\u00fc\u011f\u00fc ve bu sayede daha kolay idare edildi\u011fi bir d\u00fcnya d\u00fczenini hep beraber g\u00f6rmekteyiz. Afrika k\u0131tas\u0131ndaki 54 devlet ve Orta Do\u011fu\u2019da yer alan 23 devlet bunu en g\u00fczel \u00f6rne\u011fidir. \u0130\u015fte b\u00f6ylesi bir d\u00fcnyada T\u00fcrk devletlerinin \u00f6n\u00fcnde iki se\u00e7enek bulunmaktad\u0131r. \u0130lk se\u00e7enek bir birlik olu\u015fturarak n\u00fcfusu, y\u00fcz\u00f6l\u00e7\u00fcm\u00fcn\u00fc, ekonomiyi b\u00fcy\u00fctmek ve bu d\u00fcnyada \u201cben de var\u0131m\u201d demek; ikinci se\u00e7enek ise yery\u00fcz\u00fcndeki toplam n\u00fcfusu 300 milyon olan kalabal\u0131k bir millet olmas\u0131na ra\u011fmen T\u00fcrk D\u00fcnyas\u0131\u2019n\u0131n par\u00e7alan\u0131p un ufak olmas\u0131 ve y\u00f6netilen konumda olmaya devam etmesidir.<br>TESAM olarak \u00f6zellikle son d\u00f6nemde ihmal edilen bir alan olan T\u00fcrk D\u00fcnyas\u0131 \u00fczerine \u00e7al\u0131\u015fmalar\u0131m\u0131z\u0131 yo\u011funla\u015ft\u0131rm\u0131\u015f bulunmaktay\u0131z. T\u00fcrkiye &#8211; T\u00fcrk D\u00fcnyas\u0131 \u0130li\u015fkilerinin D\u00fcn\u00fc, Bug\u00fcn\u00fc ve Yar\u0131n\u0131 ba\u015fl\u0131kl\u0131 kongremiz, d\u00fczenledi\u011fimiz konferanslar, paneller, akademi okullar\u0131 ve haz\u0131rlad\u0131\u011f\u0131m\u0131z raporlar ve analizler ile konunun \u00f6nemini hat\u0131rlatmak ve konuyu \u00fclke g\u00fcndemine ta\u015f\u0131mak amac\u0131nday\u0131z.<\/p>\n\n\n\n<p>TESAM olarak haz\u0131rla\u011f\u0131m\u0131z bu rapor, 11 Ekim 2018 y\u0131l\u0131nda yap\u0131lan ve alan\u0131nda uzman 24 akademisyenin kat\u0131l\u0131m\u0131yla ger\u00e7ekle\u015ftirilen &#8220;T\u00fcrkiye &#8211; T\u00fcrk D\u00fcnyas\u0131 \u0130li\u015fkilerinin Gelece\u011fi&#8221; ba\u015fl\u0131kl\u0131 \u00e7al\u0131\u015ftay\u0131n sonu\u00e7 raporudur.<\/p>\n\n\n\n<p><\/p>\n\n\n\n<div class=\"is-layout-flex wp-block-buttons\">\n<div class=\"wp-block-button\"><a class=\"wp-block-button__link\" href=\"https:\/\/tesam.org.tr\/wp-content\/uploads\/2020\/12\/TESAM_TURKIYE-TURK-DUNYASI-RAPORU.pdf\">DAHA FAZLASI PDF <\/a><\/div>\n<\/div>","protected":false},"excerpt":{"rendered":"<p>G\u00fcn\u00fcm\u00fcz d\u00fcnyas\u0131nda d\u00fcnyaya y\u00f6n veren \u00fclkelerin \u201cBirle\u015fik Devletler\u201d modeline uygun bir \u015fekilde bir araya gelerek g\u00fc\u00e7l\u00fc ve b\u00fcy\u00fck birlikler haline geldi\u011fini g\u00f6rmekteyiz. 50 eyaletten olu\u015fan Amerika Birle\u015fik Devleti, 28 devletten olu\u015fan Avrupa Birli\u011fi, 34 idari b\u00f6lgeden (23 eyalet ve 11 eyalet d\u00fczeyinde idari b\u00f6lge) olu\u015fan \u00c7in Halk Cumhuriyeti ve 85 federal b\u00f6lgeden olu\u015fan Rusya Federasyonu &#8230;<\/p>","protected":false},"author":1,"featured_media":3156,"comment_status":"closed","ping_status":"open","sticky":false,"template":"","format":"standard","meta":{"ngg_post_thumbnail":0},"categories":[86],"tags":[58,59,43],"_links":{"self":[{"href":"https:\/\/tesam.org.tr\/en\/wp-json\/wp\/v2\/posts\/3155"}],"collection":[{"href":"https:\/\/tesam.org.tr\/en\/wp-json\/wp\/v2\/posts"}],"about":[{"href":"https:\/\/tesam.org.tr\/en\/wp-json\/wp\/v2\/types\/post"}],"author":[{"embeddable":true,"href":"https:\/\/tesam.org.tr\/en\/wp-json\/wp\/v2\/users\/1"}],"replies":[{"embeddable":true,"href":"https:\/\/tesam.org.tr\/en\/wp-json\/wp\/v2\/comments?post=3155"}],"version-history":[{"count":10,"href":"https:\/\/tesam.org.tr\/en\/wp-json\/wp\/v2\/posts\/3155\/revisions"}],"predecessor-version":[{"id":3169,"href":"https:\/\/tesam.org.tr\/en\/wp-json\/wp\/v2\/posts\/3155\/revisions\/3169"}],"wp:featuredmedia":[{"embeddable":true,"href":"https:\/\/tesam.org.tr\/en\/wp-json\/wp\/v2\/media\/3156"}],"wp:attachment":[{"href":"https:\/\/tesam.org.tr\/en\/wp-json\/wp\/v2\/media?parent=3155"}],"wp:term":[{"taxonomy":"category","embeddable":true,"href":"https:\/\/tesam.org.tr\/en\/wp-json\/wp\/v2\/categories?post=3155"},{"taxonomy":"post_tag","embeddable":true,"href":"https:\/\/tesam.org.tr\/en\/wp-json\/wp\/v2\/tags?post=3155"}],"curies":[{"name":"wp","href":"https:\/\/api.w.org\/{rel}","templated":true}]}}