{"id":3261,"date":"2021-02-10T16:37:19","date_gmt":"2021-02-10T13:37:19","guid":{"rendered":"https:\/\/tesam.org.tr\/?p=3261"},"modified":"2021-02-10T16:37:22","modified_gmt":"2021-02-10T13:37:22","slug":"tesam-webtalks-i-covid-19-surecinde-dijital-donusumun-isletmelere-etkileri-i-galata-universitesi-rektoru-prof-dr-ozgur-cengel","status":"publish","type":"post","link":"https:\/\/tesam.org.tr\/en\/tesam-webtalks-i-covid-19-surecinde-dijital-donusumun-isletmelere-etkileri-i-galata-universitesi-rektoru-prof-dr-ozgur-cengel\/","title":{"rendered":"TESAM WebTalks I COVID-19 S\u00fcrecinde Dijital D\u00f6n\u00fc\u015f\u00fcm\u00fcn \u0130\u015fletmelere Etkileri  I Galata \u00dcniversitesi Rekt\u00f6r\u00fc Prof. Dr. \u00d6zg\u00fcr \u00c7ENGEL"},"content":{"rendered":"<p>\u00a0TESAM ve TEKNOMER Web Talks\u2019un bu haftaki konu\u011fu Galata \u00dcniversitesi Rekt\u00f6r\u00fc Prof. Dr. \u00d6zg\u00fcr \u00c7ENGEL oldu. Programda hocam\u0131z COVID-19 S\u00fcrecinde Dijital D\u00f6n\u00fc\u015f\u00fcm\u00fcn \u0130\u015fletmelere Etkileri adl\u0131 sunumunu ger\u00e7ekle\u015ftirdi. Kendilerine ve de\u011ferli kat\u0131l\u0131mc\u0131lara bizlere zaman ay\u0131rd\u0131klar\u0131 i\u00e7in te\u015fekk\u00fcr ederiz.<\/p>","protected":false},"excerpt":{"rendered":"<p>\u00a0TESAM ve TEKNOMER Web Talks\u2019un bu haftaki konu\u011fu Galata \u00dcniversitesi Rekt\u00f6r\u00fc Prof. Dr. \u00d6zg\u00fcr \u00c7ENGEL oldu. Programda hocam\u0131z COVID-19 S\u00fcrecinde Dijital D\u00f6n\u00fc\u015f\u00fcm\u00fcn \u0130\u015fletmelere Etkileri adl\u0131 sunumunu ger\u00e7ekle\u015ftirdi. Kendilerine ve de\u011ferli kat\u0131l\u0131mc\u0131lara bizlere zaman ay\u0131rd\u0131klar\u0131 i\u00e7in te\u015fekk\u00fcr ederiz.<\/p>","protected":false},"author":1,"featured_media":3256,"comment_status":"closed","ping_status":"open","sticky":false,"template":"","format":"standard","meta":{"ngg_post_thumbnail":0},"categories":[94],"tags":[58,59,43],"_links":{"self":[{"href":"https:\/\/tesam.org.tr\/en\/wp-json\/wp\/v2\/posts\/3261"}],"collection":[{"href":"https:\/\/tesam.org.tr\/en\/wp-json\/wp\/v2\/posts"}],"about":[{"href":"https:\/\/tesam.org.tr\/en\/wp-json\/wp\/v2\/types\/post"}],"author":[{"embeddable":true,"href":"https:\/\/tesam.org.tr\/en\/wp-json\/wp\/v2\/users\/1"}],"replies":[{"embeddable":true,"href":"https:\/\/tesam.org.tr\/en\/wp-json\/wp\/v2\/comments?post=3261"}],"version-history":[{"count":1,"href":"https:\/\/tesam.org.tr\/en\/wp-json\/wp\/v2\/posts\/3261\/revisions"}],"predecessor-version":[{"id":3262,"href":"https:\/\/tesam.org.tr\/en\/wp-json\/wp\/v2\/posts\/3261\/revisions\/3262"}],"wp:featuredmedia":[{"embeddable":true,"href":"https:\/\/tesam.org.tr\/en\/wp-json\/wp\/v2\/media\/3256"}],"wp:attachment":[{"href":"https:\/\/tesam.org.tr\/en\/wp-json\/wp\/v2\/media?parent=3261"}],"wp:term":[{"taxonomy":"category","embeddable":true,"href":"https:\/\/tesam.org.tr\/en\/wp-json\/wp\/v2\/categories?post=3261"},{"taxonomy":"post_tag","embeddable":true,"href":"https:\/\/tesam.org.tr\/en\/wp-json\/wp\/v2\/tags?post=3261"}],"curies":[{"name":"wp","href":"https:\/\/api.w.org\/{rel}","templated":true}]}}