{"id":4960,"date":"2023-06-26T23:21:47","date_gmt":"2023-06-26T20:21:47","guid":{"rendered":"https:\/\/tesam.org.tr\/?p=4960"},"modified":"2023-06-26T23:21:47","modified_gmt":"2023-06-26T20:21:47","slug":"2021-turkiye-avrupa-iliskileri-kongresi-bildiri-ozleri-kitabi","status":"publish","type":"post","link":"https:\/\/tesam.org.tr\/en\/2021-turkiye-avrupa-iliskileri-kongresi-bildiri-ozleri-kitabi\/","title":{"rendered":"2021 T\u00fcrkiye-Avrupa \u0130li\u015fkileri Kongresi Bildiri \u00d6zleri Kitab\u0131"},"content":{"rendered":"<p>Bildiri \u00d6zleri Kitab\u0131 ve \u00c7a\u011fr\u0131 Dosyas\u0131 i\u00e7in t\u0131klay\u0131n\u0131z<\/p>\n<a href=\" https:\/\/tesam.org.tr\/wp-content\/uploads\/2023\/06\/Turkiye-Avrupa-Iliskileri-kongresi-Cagri-Metni-2021-2.pdf\" target=\"_blank\" class=\"shortc-button medium red\">\u00c7a\u011fr\u0131 Dosyas\u0131 PDF<\/a>\n<a href=\" https:\/\/tesam.org.tr\/wp-content\/uploads\/2023\/06\/IC-TESAM-5.-SOSYAL-BILIMLER-KONGRESI-Bildiri-Ozleri-Kitabi.pdf\" target=\"_blank\" class=\"shortc-button medium red\">B\u0130LD\u0130R\u0130 \u00d6ZLER\u0130 K\u0130TABI PDF<\/a>","protected":false},"excerpt":{"rendered":"<p>Bildiri \u00d6zleri Kitab\u0131 ve \u00c7a\u011fr\u0131 Dosyas\u0131 i\u00e7in t\u0131klay\u0131n\u0131z<\/p>","protected":false},"author":1,"featured_media":0,"comment_status":"closed","ping_status":"open","sticky":false,"template":"","format":"standard","meta":{"ngg_post_thumbnail":0},"categories":[1],"tags":[],"_links":{"self":[{"href":"https:\/\/tesam.org.tr\/en\/wp-json\/wp\/v2\/posts\/4960"}],"collection":[{"href":"https:\/\/tesam.org.tr\/en\/wp-json\/wp\/v2\/posts"}],"about":[{"href":"https:\/\/tesam.org.tr\/en\/wp-json\/wp\/v2\/types\/post"}],"author":[{"embeddable":true,"href":"https:\/\/tesam.org.tr\/en\/wp-json\/wp\/v2\/users\/1"}],"replies":[{"embeddable":true,"href":"https:\/\/tesam.org.tr\/en\/wp-json\/wp\/v2\/comments?post=4960"}],"version-history":[{"count":1,"href":"https:\/\/tesam.org.tr\/en\/wp-json\/wp\/v2\/posts\/4960\/revisions"}],"predecessor-version":[{"id":4963,"href":"https:\/\/tesam.org.tr\/en\/wp-json\/wp\/v2\/posts\/4960\/revisions\/4963"}],"wp:attachment":[{"href":"https:\/\/tesam.org.tr\/en\/wp-json\/wp\/v2\/media?parent=4960"}],"wp:term":[{"taxonomy":"category","embeddable":true,"href":"https:\/\/tesam.org.tr\/en\/wp-json\/wp\/v2\/categories?post=4960"},{"taxonomy":"post_tag","embeddable":true,"href":"https:\/\/tesam.org.tr\/en\/wp-json\/wp\/v2\/tags?post=4960"}],"curies":[{"name":"wp","href":"https:\/\/api.w.org\/{rel}","templated":true}]}}