{"id":5417,"date":"2023-12-05T12:30:54","date_gmt":"2023-12-05T09:30:54","guid":{"rendered":"https:\/\/tesam.org.tr\/?p=5417"},"modified":"2024-01-12T22:55:54","modified_gmt":"2024-01-12T19:55:54","slug":"tesam-ekonomi-akademisi-2023-sermaye-piyasalarina-yeniden-bakis","status":"publish","type":"post","link":"https:\/\/tesam.org.tr\/en\/tesam-ekonomi-akademisi-2023-sermaye-piyasalarina-yeniden-bakis\/","title":{"rendered":"TESAM Ekonomi Akademisi 2023 &#8220;Sermaye Piyasalar\u0131na Yeniden Bak\u0131\u015f&#8221;"},"content":{"rendered":"<p>K\u00fcreselle\u015fen d\u00fcnya ekonomisinde, 1980\u2019li y\u0131llardan sonra mal ve hizmet piyasalar\u0131nda ba\u015flayan serbestle\u015fme ve b\u00fct\u00fcnle\u015fme hareketlerindeki geli\u015fim, bilgi ve ileti\u015fim teknolojilerinde ya\u015fanan b\u00fcy\u00fck ilerleme ve de\u011fi\u015fimlerin de etkisiyle, uluslararas\u0131 ili\u015fkilerin ve i\u015flemlerin artmas\u0131na yol a\u00e7m\u0131\u015ft\u0131r. Bu kapsamda, \u00f6zellikle sermaye hareketlerinin \u00f6n\u00fcndeki engellerin b\u00fcy\u00fck \u00f6l\u00e7\u00fcde ortadan kalkmas\u0131yla finansal piyasa ve kurumlar\u0131n k\u00fcresel anlamda etkile\u015fimleri artm\u0131\u015f, d\u00fcnyada \u201ck\u00fcresel sermaye\u201d olarak ifade edilen bir ortak kavram ortaya \u00e7\u0131km\u0131\u015ft\u0131r.<\/p>\n<p>Son y\u0131llarda geli\u015fen ve i\u015flem hacmi \u00f6nemli \u00f6l\u00e7\u00fcde artan T\u00fcrkiye sermaye piyasalar\u0131, Avrupa Birli\u011fi ile b\u00fct\u00fcnle\u015fme a\u015famas\u0131nda do\u011frudan bir rekabet i\u00e7inde bulunmakta ve bu alanda geli\u015fimini h\u0131zla s\u00fcrd\u00fcrmeye devam etmektedir.<\/p>\n<p>&nbsp;<\/p>\n<p>\u0130ktisat, sermaye piyasas\u0131, i\u015fletme \u00f6\u011frencilerine finans ve yat\u0131r\u0131m d\u00fcnyas\u0131na dair temel bilgileri sunarak, sermaye piyasalar\u0131n\u0131 anlama ve de\u011ferlendirme konusunda kapsaml\u0131 bir perspektif kazand\u0131rmay\u0131 ama\u00e7layan TESAM Ekonomi Akademisi 30 Kas\u0131m &amp; 1-2 Aral\u0131k 2023 tarihlerinde TESAM Ata\u015fehir Genel Merkezi\u2019nde ger\u00e7ekle\u015fti.<\/p>\n<p>&nbsp;<\/p>\n<p>TESAM Ekonomi Akademisi\u2019nin ilk dersi Marmara \u00dcniversitesi \u00f6\u011fretim \u00fcyesi Prof. Dr. Fatma \u00d6zkul\u2019un \u201cDijital Paran\u0131n Gelece\u011fi\u201d konulu sunumu ile ger\u00e7ekle\u015ftirildi.<\/p>\n<p><img decoding=\"async\" loading=\"lazy\" class=\"alignnone size-medium wp-image-5420\" src=\"https:\/\/tesam.org.tr\/wp-content\/uploads\/2024\/01\/2-300x226.jpeg\" alt=\"\" width=\"300\" height=\"226\" srcset=\"https:\/\/tesam.org.tr\/wp-content\/uploads\/2024\/01\/2-300x226.jpeg 300w, https:\/\/tesam.org.tr\/wp-content\/uploads\/2024\/01\/2-768x579.jpeg 768w, https:\/\/tesam.org.tr\/wp-content\/uploads\/2024\/01\/2-16x12.jpeg 16w, https:\/\/tesam.org.tr\/wp-content\/uploads\/2024\/01\/2.jpeg 1440w\" sizes=\"(max-width: 300px) 100vw, 300px\" \/> <img decoding=\"async\" loading=\"lazy\" class=\"alignnone size-medium wp-image-5421\" src=\"https:\/\/tesam.org.tr\/wp-content\/uploads\/2024\/01\/1-300x226.jpeg\" alt=\"\" width=\"300\" height=\"226\" srcset=\"https:\/\/tesam.org.tr\/wp-content\/uploads\/2024\/01\/1-300x226.jpeg 300w, https:\/\/tesam.org.tr\/wp-content\/uploads\/2024\/01\/1-768x579.jpeg 768w, https:\/\/tesam.org.tr\/wp-content\/uploads\/2024\/01\/1-16x12.jpeg 16w, https:\/\/tesam.org.tr\/wp-content\/uploads\/2024\/01\/1.jpeg 1440w\" sizes=\"(max-width: 300px) 100vw, 300px\" \/>&nbsp;<\/p>\n<p>&nbsp;<\/p>\n<p>TESAM Ekonomi Akademisi\u2019nin ikinci dersi \u0130stanbul \u00dcniversitesi \u00f6\u011fretim \u00fcyesi Prof. Dr. Zahide Ayy\u0131ld\u0131z Onaran\u2019\u0131n \u201cMakroekonomik G\u00f6stergeler ve Sava\u015f Ekonomisi\u201d konulu sunumu ile ger\u00e7ekle\u015ftirildi.<\/p>\n<p><img decoding=\"async\" loading=\"lazy\" class=\"alignnone size-medium wp-image-5422\" src=\"https:\/\/tesam.org.tr\/wp-content\/uploads\/2024\/01\/3-270x300.jpeg\" alt=\"\" width=\"270\" height=\"300\" srcset=\"https:\/\/tesam.org.tr\/wp-content\/uploads\/2024\/01\/3-270x300.jpeg 270w, https:\/\/tesam.org.tr\/wp-content\/uploads\/2024\/01\/3-768x854.jpeg 768w, https:\/\/tesam.org.tr\/wp-content\/uploads\/2024\/01\/3-1381x1536.jpeg 1381w, https:\/\/tesam.org.tr\/wp-content\/uploads\/2024\/01\/3-11x12.jpeg 11w, https:\/\/tesam.org.tr\/wp-content\/uploads\/2024\/01\/3.jpeg 1440w\" sizes=\"(max-width: 270px) 100vw, 270px\" \/> <img decoding=\"async\" loading=\"lazy\" class=\"alignnone size-medium wp-image-5423\" src=\"https:\/\/tesam.org.tr\/wp-content\/uploads\/2024\/01\/4-270x300.jpeg\" alt=\"\" width=\"270\" height=\"300\" srcset=\"https:\/\/tesam.org.tr\/wp-content\/uploads\/2024\/01\/4-270x300.jpeg 270w, https:\/\/tesam.org.tr\/wp-content\/uploads\/2024\/01\/4-768x854.jpeg 768w, https:\/\/tesam.org.tr\/wp-content\/uploads\/2024\/01\/4-1381x1536.jpeg 1381w, https:\/\/tesam.org.tr\/wp-content\/uploads\/2024\/01\/4-11x12.jpeg 11w, https:\/\/tesam.org.tr\/wp-content\/uploads\/2024\/01\/4.jpeg 1440w\" sizes=\"(max-width: 270px) 100vw, 270px\" \/><\/p>\n<p>&nbsp;<\/p>\n<p>TESAM Ekonomi Akademisi\u2019nin \u00fc\u00e7\u00fcnc\u00fc dersi Lider Sancak Holding Y\u00f6netim Kurulu Ba\u015fkan\u0131 M\u00fcmin G\u00fcler\u2019in \u201cGiri\u015fimcilik\u201d konulu sunumu ile ger\u00e7ekle\u015ftirildi.<\/p>\n<p><img decoding=\"async\" loading=\"lazy\" class=\"alignnone size-medium wp-image-5424\" src=\"https:\/\/tesam.org.tr\/wp-content\/uploads\/2024\/01\/5-241x300.jpeg\" alt=\"\" width=\"241\" height=\"300\" srcset=\"https:\/\/tesam.org.tr\/wp-content\/uploads\/2024\/01\/5-241x300.jpeg 241w, https:\/\/tesam.org.tr\/wp-content\/uploads\/2024\/01\/5-768x957.jpeg 768w, https:\/\/tesam.org.tr\/wp-content\/uploads\/2024\/01\/5-1232x1536.jpeg 1232w, https:\/\/tesam.org.tr\/wp-content\/uploads\/2024\/01\/5-10x12.jpeg 10w, https:\/\/tesam.org.tr\/wp-content\/uploads\/2024\/01\/5.jpeg 1440w\" sizes=\"(max-width: 241px) 100vw, 241px\" \/><\/p>\n<p>&nbsp;<\/p>\n<p>TESAM Ekonomi Akademisi\u2019nin ikinci g\u00fcn ilk dersi \u0130stanbul \u00dcniversitesi \u00f6\u011fretim \u00fcyesi Prof. Dr. Dilek Demirba\u015f\u2019\u0131n \u201cBankac\u0131l\u0131k Krizleri ve Erken Uyar\u0131 Sistemi\u201d konulu sunumu ile ger\u00e7ekle\u015ftirildi.<\/p>\n<p><img decoding=\"async\" loading=\"lazy\" class=\"alignnone size-medium wp-image-5426\" src=\"https:\/\/tesam.org.tr\/wp-content\/uploads\/2024\/01\/6-300x300.jpeg\" alt=\"\" width=\"300\" height=\"300\" srcset=\"https:\/\/tesam.org.tr\/wp-content\/uploads\/2024\/01\/6-300x300.jpeg 300w, https:\/\/tesam.org.tr\/wp-content\/uploads\/2024\/01\/6-150x150.jpeg 150w, https:\/\/tesam.org.tr\/wp-content\/uploads\/2024\/01\/6-768x767.jpeg 768w, https:\/\/tesam.org.tr\/wp-content\/uploads\/2024\/01\/6-12x12.jpeg 12w, https:\/\/tesam.org.tr\/wp-content\/uploads\/2024\/01\/6-55x55.jpeg 55w, https:\/\/tesam.org.tr\/wp-content\/uploads\/2024\/01\/6.jpeg 1440w\" sizes=\"(max-width: 300px) 100vw, 300px\" \/> <img decoding=\"async\" loading=\"lazy\" class=\"alignnone size-medium wp-image-5427\" src=\"https:\/\/tesam.org.tr\/wp-content\/uploads\/2024\/01\/7-300x300.jpeg\" alt=\"\" width=\"300\" height=\"300\" srcset=\"https:\/\/tesam.org.tr\/wp-content\/uploads\/2024\/01\/7-300x300.jpeg 300w, https:\/\/tesam.org.tr\/wp-content\/uploads\/2024\/01\/7-150x150.jpeg 150w, https:\/\/tesam.org.tr\/wp-content\/uploads\/2024\/01\/7-768x768.jpeg 768w, https:\/\/tesam.org.tr\/wp-content\/uploads\/2024\/01\/7-12x12.jpeg 12w, https:\/\/tesam.org.tr\/wp-content\/uploads\/2024\/01\/7-55x55.jpeg 55w, https:\/\/tesam.org.tr\/wp-content\/uploads\/2024\/01\/7.jpeg 1440w\" sizes=\"(max-width: 300px) 100vw, 300px\" \/><\/p>\n<p>&nbsp;<\/p>\n<p>TESAM Ekonomi Akademisi\u2019nin ikinci g\u00fcn ikinci dersi \u0130stanbul Okan \u00dcnivetsitesi \u00f6\u011fretim \u00fcyesi Dr. \u00d6\u011fr. \u00dcyesi Turgay M\u00fcnyas\u2019\u0131n \u201cFinansal Piyasalar ve Ekonomik \u00d6zg\u00fcrl\u00fckler\u201d konulu sunumu ile ger\u00e7ekle\u015ftirildi.<\/p>\n<p><img decoding=\"async\" loading=\"lazy\" class=\"alignnone size-medium wp-image-5428\" src=\"https:\/\/tesam.org.tr\/wp-content\/uploads\/2024\/01\/8-300x226.jpeg\" alt=\"\" width=\"300\" height=\"226\" srcset=\"https:\/\/tesam.org.tr\/wp-content\/uploads\/2024\/01\/8-300x226.jpeg 300w, https:\/\/tesam.org.tr\/wp-content\/uploads\/2024\/01\/8-768x579.jpeg 768w, https:\/\/tesam.org.tr\/wp-content\/uploads\/2024\/01\/8-16x12.jpeg 16w, https:\/\/tesam.org.tr\/wp-content\/uploads\/2024\/01\/8.jpeg 1205w\" sizes=\"(max-width: 300px) 100vw, 300px\" \/> <img decoding=\"async\" loading=\"lazy\" class=\"alignnone size-medium wp-image-5429\" src=\"https:\/\/tesam.org.tr\/wp-content\/uploads\/2024\/01\/9-300x226.jpeg\" alt=\"\" width=\"300\" height=\"226\" srcset=\"https:\/\/tesam.org.tr\/wp-content\/uploads\/2024\/01\/9-300x226.jpeg 300w, https:\/\/tesam.org.tr\/wp-content\/uploads\/2024\/01\/9-768x579.jpeg 768w, https:\/\/tesam.org.tr\/wp-content\/uploads\/2024\/01\/9-16x12.jpeg 16w, https:\/\/tesam.org.tr\/wp-content\/uploads\/2024\/01\/9.jpeg 1205w\" sizes=\"(max-width: 300px) 100vw, 300px\" \/><\/p>\n<p>&nbsp;<\/p>\n<p>TESAM Ekonomi Akademisi\u2019nin \u00fc\u00e7\u00fcnc\u00fc g\u00fcn ilk dersi K\u0131demli \u0130hracat Uzman\u0131 Serhat Y\u0131ld\u0131r\u0131m ve Emre Memi\u015f\u2019in \u201cAmazon\u2019da Sat\u0131\u015f: Arbitraj ve Private Label\u201d konulu sunumu ile ger\u00e7ekle\u015ftirildi.<\/p>\n<p><img decoding=\"async\" loading=\"lazy\" class=\"alignnone size-medium wp-image-5430\" src=\"https:\/\/tesam.org.tr\/wp-content\/uploads\/2024\/01\/10-300x226.jpeg\" alt=\"\" width=\"300\" height=\"226\" srcset=\"https:\/\/tesam.org.tr\/wp-content\/uploads\/2024\/01\/10-300x226.jpeg 300w, https:\/\/tesam.org.tr\/wp-content\/uploads\/2024\/01\/10-768x579.jpeg 768w, https:\/\/tesam.org.tr\/wp-content\/uploads\/2024\/01\/10-16x12.jpeg 16w, https:\/\/tesam.org.tr\/wp-content\/uploads\/2024\/01\/10.jpeg 1440w\" sizes=\"(max-width: 300px) 100vw, 300px\" \/> <img decoding=\"async\" loading=\"lazy\" class=\"alignnone size-medium wp-image-5431\" src=\"https:\/\/tesam.org.tr\/wp-content\/uploads\/2024\/01\/11-300x226.jpeg\" alt=\"\" width=\"300\" height=\"226\" srcset=\"https:\/\/tesam.org.tr\/wp-content\/uploads\/2024\/01\/11-300x226.jpeg 300w, https:\/\/tesam.org.tr\/wp-content\/uploads\/2024\/01\/11-768x579.jpeg 768w, https:\/\/tesam.org.tr\/wp-content\/uploads\/2024\/01\/11-16x12.jpeg 16w, https:\/\/tesam.org.tr\/wp-content\/uploads\/2024\/01\/11.jpeg 1440w\" sizes=\"(max-width: 300px) 100vw, 300px\" \/><\/p>\n<p>&nbsp;<\/p>\n<p>TESAM Ekonomi Akademisi\u2019nin d\u00f6rd\u00fcnc\u00fc g\u00fcn birinci dersi Marmara \u00dcniversitesi \u00f6\u011fretim \u00fcyesi Do\u00e7. Dr. Ufuk Alkan\u2019\u0131n \u201cBorsay\u0131 Anlamak ve Yat\u0131r\u0131m Stratejileri\u201d konulu sunumu ile ger\u00e7ekle\u015ftirildi.<\/p>\n<p><img decoding=\"async\" loading=\"lazy\" class=\"alignnone size-medium wp-image-5432\" src=\"https:\/\/tesam.org.tr\/wp-content\/uploads\/2024\/01\/12-300x188.jpeg\" alt=\"\" width=\"300\" height=\"188\" srcset=\"https:\/\/tesam.org.tr\/wp-content\/uploads\/2024\/01\/12-300x188.jpeg 300w, https:\/\/tesam.org.tr\/wp-content\/uploads\/2024\/01\/12-768x480.jpeg 768w, https:\/\/tesam.org.tr\/wp-content\/uploads\/2024\/01\/12-18x12.jpeg 18w, https:\/\/tesam.org.tr\/wp-content\/uploads\/2024\/01\/12.jpeg 1440w\" sizes=\"(max-width: 300px) 100vw, 300px\" \/><\/p>\n<p>&nbsp;<\/p>\n<p>TESAM Ekonomi Akademisi\u2019nin be\u015finci g\u00fcn birinci dersi Bursa Uluda\u011f \u00dcniversite \u00f6\u011fretim \u00fcyesi Do\u00e7. Dr. Filiz Ery\u0131lmaz\u2019\u0131n \u201cKrizlerin Finansal Piyasalara Etkisi\u201d konulu sunumu ile ger\u00e7ekle\u015ftirildi.<\/p>\n<p><img decoding=\"async\" loading=\"lazy\" class=\"alignnone size-medium wp-image-5433\" src=\"https:\/\/tesam.org.tr\/wp-content\/uploads\/2024\/01\/13-300x225.jpeg\" alt=\"\" width=\"300\" height=\"225\" srcset=\"https:\/\/tesam.org.tr\/wp-content\/uploads\/2024\/01\/13-300x225.jpeg 300w, https:\/\/tesam.org.tr\/wp-content\/uploads\/2024\/01\/13-768x576.jpeg 768w, https:\/\/tesam.org.tr\/wp-content\/uploads\/2024\/01\/13-16x12.jpeg 16w, https:\/\/tesam.org.tr\/wp-content\/uploads\/2024\/01\/13.jpeg 1440w\" sizes=\"(max-width: 300px) 100vw, 300px\" \/> <img decoding=\"async\" loading=\"lazy\" class=\"alignnone size-medium wp-image-5434\" src=\"https:\/\/tesam.org.tr\/wp-content\/uploads\/2024\/01\/14-300x226.jpeg\" alt=\"\" width=\"300\" height=\"226\" srcset=\"https:\/\/tesam.org.tr\/wp-content\/uploads\/2024\/01\/14-300x226.jpeg 300w, https:\/\/tesam.org.tr\/wp-content\/uploads\/2024\/01\/14-768x579.jpeg 768w, https:\/\/tesam.org.tr\/wp-content\/uploads\/2024\/01\/14-16x12.jpeg 16w, https:\/\/tesam.org.tr\/wp-content\/uploads\/2024\/01\/14.jpeg 1440w\" sizes=\"(max-width: 300px) 100vw, 300px\" \/><\/p>","protected":false},"excerpt":{"rendered":"<p>K\u00fcreselle\u015fen d\u00fcnya ekonomisinde, 1980\u2019li y\u0131llardan sonra mal ve hizmet piyasalar\u0131nda ba\u015flayan serbestle\u015fme ve b\u00fct\u00fcnle\u015fme hareketlerindeki geli\u015fim, bilgi ve ileti\u015fim teknolojilerinde ya\u015fanan b\u00fcy\u00fck ilerleme ve de\u011fi\u015fimlerin de etkisiyle, uluslararas\u0131 ili\u015fkilerin ve i\u015flemlerin artmas\u0131na yol a\u00e7m\u0131\u015ft\u0131r. Bu kapsamda, \u00f6zellikle sermaye hareketlerinin \u00f6n\u00fcndeki engellerin b\u00fcy\u00fck \u00f6l\u00e7\u00fcde ortadan kalkmas\u0131yla finansal piyasa ve kurumlar\u0131n k\u00fcresel anlamda etkile\u015fimleri artm\u0131\u015f, d\u00fcnyada \u201ck\u00fcresel &#8230;<\/p>","protected":false},"author":1,"featured_media":5435,"comment_status":"closed","ping_status":"open","sticky":false,"template":"","format":"standard","meta":{"ngg_post_thumbnail":0},"categories":[252],"tags":[101,256,254,58,59,43],"_links":{"self":[{"href":"https:\/\/tesam.org.tr\/en\/wp-json\/wp\/v2\/posts\/5417"}],"collection":[{"href":"https:\/\/tesam.org.tr\/en\/wp-json\/wp\/v2\/posts"}],"about":[{"href":"https:\/\/tesam.org.tr\/en\/wp-json\/wp\/v2\/types\/post"}],"author":[{"embeddable":true,"href":"https:\/\/tesam.org.tr\/en\/wp-json\/wp\/v2\/users\/1"}],"replies":[{"embeddable":true,"href":"https:\/\/tesam.org.tr\/en\/wp-json\/wp\/v2\/comments?post=5417"}],"version-history":[{"count":1,"href":"https:\/\/tesam.org.tr\/en\/wp-json\/wp\/v2\/posts\/5417\/revisions"}],"predecessor-version":[{"id":5436,"href":"https:\/\/tesam.org.tr\/en\/wp-json\/wp\/v2\/posts\/5417\/revisions\/5436"}],"wp:featuredmedia":[{"embeddable":true,"href":"https:\/\/tesam.org.tr\/en\/wp-json\/wp\/v2\/media\/5435"}],"wp:attachment":[{"href":"https:\/\/tesam.org.tr\/en\/wp-json\/wp\/v2\/media?parent=5417"}],"wp:term":[{"taxonomy":"category","embeddable":true,"href":"https:\/\/tesam.org.tr\/en\/wp-json\/wp\/v2\/categories?post=5417"},{"taxonomy":"post_tag","embeddable":true,"href":"https:\/\/tesam.org.tr\/en\/wp-json\/wp\/v2\/tags?post=5417"}],"curies":[{"name":"wp","href":"https:\/\/api.w.org\/{rel}","templated":true}]}}