{"id":5503,"date":"2024-01-23T12:31:15","date_gmt":"2024-01-23T09:31:15","guid":{"rendered":"https:\/\/tesam.org.tr\/?p=5503"},"modified":"2024-06-07T15:51:07","modified_gmt":"2024-06-07T12:51:07","slug":"iv-liderlik-ve-siyaset-okulu-programi-genis-katilimla-gerceklesti","status":"publish","type":"post","link":"https:\/\/tesam.org.tr\/en\/iv-liderlik-ve-siyaset-okulu-programi-genis-katilimla-gerceklesti\/","title":{"rendered":"IV. Liderlik ve Siyaset Okulu Program\u0131 Geni\u015f Kat\u0131l\u0131mla Ger\u00e7ekle\u015fti"},"content":{"rendered":"<p><strong><img decoding=\"async\" loading=\"lazy\" class=\"aligncenter wp-image-5238 size-full\" src=\"https:\/\/tesam.org.tr\/wp-content\/uploads\/2023\/11\/1.jpg\" alt=\"\" width=\"1414\" height=\"2000\" srcset=\"https:\/\/tesam.org.tr\/wp-content\/uploads\/2023\/11\/1.jpg 1414w, https:\/\/tesam.org.tr\/wp-content\/uploads\/2023\/11\/1-212x300.jpg 212w, https:\/\/tesam.org.tr\/wp-content\/uploads\/2023\/11\/1-768x1086.jpg 768w, https:\/\/tesam.org.tr\/wp-content\/uploads\/2023\/11\/1-1086x1536.jpg 1086w\" sizes=\"(max-width: 1414px) 100vw, 1414px\" \/><\/strong><\/p>\n<p><strong>TESAM(Ekonomik, Siyasal ve Stratejik Ara\u015ft\u0131rmalar Merkezi) ve Marmara \u00dcniversitesi Kariyer Merkezi (MARKAM)&nbsp;<\/strong>i\u015fbirli\u011fiyle 4\u2019\u00fcnc\u00fc kez ger\u00e7ekle\u015ftirilecek&nbsp;<strong>Siyaset ve Liderlik Okulu<\/strong>\u2018nun temel amac\u0131; T\u00fcrkiye\u2019nin siyasi tarihi, di\u011fer \u00fclkelerle ili\u015fkileri, ulusal ve uluslararas\u0131 siyasi durum, ikili ili\u015fkiler, liderlik vas\u0131flar\u0131 ve diplomasi mesle\u011finin incelikleri hakk\u0131nda kat\u0131l\u0131mc\u0131lar\u0131 bilgilendirmektir.<\/p>\n<p>Bunun yan\u0131nda, program kapsam\u0131nda uluslararas\u0131 ili\u015fkiler, siyasi ili\u015fkiler konular\u0131nda, bilin\u00e7li, bilgi odakl\u0131 ve diplomatik yollar\u0131n kullan\u0131m\u0131n\u0131n \u00f6nemini kavram\u0131\u015f, bu alanlarda lider olmay\u0131 ve T\u00fcrkiye\u2019nin siyasal, ekonomik, toplumsal ve k\u00fclt\u00fcrel geli\u015fimine katma de\u011fer yaratmay\u0131 hedefleyen bireylerin yeti\u015fmesine destek verilmesi ama\u00e7layan IV. Liderlik ve Siyaset Okulu 20 Aral\u0131k 2023 -15 Ocak 2024 tarihlerinde Marmara \u00dcniversitesi\u2019nde ger\u00e7ekle\u015fti.<\/p>\n<p>Marmara \u00dcniversitesi, MARKAM (Marmara Kariyer Merkezi) ve TESAM i\u015fbirli\u011fiyle d\u00fczenlenen ve 5 hafta s\u00fcrecek program\u0131n ilk g\u00fcn a\u00e7\u0131l\u0131\u015f dersleri ger\u00e7ekle\u015fti.<br \/>\nProgram, Firdevs AKKAYA \u00f6mderli\u011findeki Marmara \u00dcniversitesi T\u00fcrk Sanat M\u00fczi\u011fi \u00d6\u011frenci Toplulu\u011fu\u2019nun g\u00f6sterisi ile ba\u015flad\u0131. Sonras\u0131nda<br \/>\nMARKAM Koordinat\u00f6r\u00fc Prof. Dr. Berat B\u0130R ve TESAM Ba\u015fkan Yard\u0131mc\u0131s\u0131 Dr. Y\u0131ld\u0131r\u0131m DEN\u0130Z\u2019in a\u00e7\u0131l\u0131\u015f konu\u015fmalar\u0131n\u0131 yapt\u0131lar.<\/p>\n<p><img decoding=\"async\" loading=\"lazy\" class=\"alignnone wp-image-5504\" src=\"https:\/\/tesam.org.tr\/wp-content\/uploads\/2024\/01\/1-1.jpeg\" alt=\"\" width=\"524\" height=\"348\" srcset=\"https:\/\/tesam.org.tr\/wp-content\/uploads\/2024\/01\/1-1.jpeg 1066w, https:\/\/tesam.org.tr\/wp-content\/uploads\/2024\/01\/1-1-300x200.jpeg 300w, https:\/\/tesam.org.tr\/wp-content\/uploads\/2024\/01\/1-1-768x512.jpeg 768w, https:\/\/tesam.org.tr\/wp-content\/uploads\/2024\/01\/1-1-18x12.jpeg 18w\" sizes=\"(max-width: 524px) 100vw, 524px\" \/> <img decoding=\"async\" loading=\"lazy\" class=\"alignnone wp-image-5505\" src=\"https:\/\/tesam.org.tr\/wp-content\/uploads\/2024\/01\/2-1.jpeg\" alt=\"\" width=\"525\" height=\"350\" srcset=\"https:\/\/tesam.org.tr\/wp-content\/uploads\/2024\/01\/2-1.jpeg 1066w, https:\/\/tesam.org.tr\/wp-content\/uploads\/2024\/01\/2-1-300x200.jpeg 300w, https:\/\/tesam.org.tr\/wp-content\/uploads\/2024\/01\/2-1-768x512.jpeg 768w, https:\/\/tesam.org.tr\/wp-content\/uploads\/2024\/01\/2-1-18x12.jpeg 18w\" sizes=\"(max-width: 525px) 100vw, 525px\" \/> <img decoding=\"async\" loading=\"lazy\" class=\"alignnone wp-image-5506\" src=\"https:\/\/tesam.org.tr\/wp-content\/uploads\/2024\/01\/3-1.jpeg\" alt=\"\" width=\"524\" height=\"349\" srcset=\"https:\/\/tesam.org.tr\/wp-content\/uploads\/2024\/01\/3-1.jpeg 1066w, https:\/\/tesam.org.tr\/wp-content\/uploads\/2024\/01\/3-1-300x200.jpeg 300w, https:\/\/tesam.org.tr\/wp-content\/uploads\/2024\/01\/3-1-768x512.jpeg 768w, https:\/\/tesam.org.tr\/wp-content\/uploads\/2024\/01\/3-1-18x12.jpeg 18w\" sizes=\"(max-width: 524px) 100vw, 524px\" \/> <img decoding=\"async\" loading=\"lazy\" class=\"alignnone wp-image-5507\" src=\"https:\/\/tesam.org.tr\/wp-content\/uploads\/2024\/01\/4-1.jpeg\" alt=\"\" width=\"524\" height=\"349\" srcset=\"https:\/\/tesam.org.tr\/wp-content\/uploads\/2024\/01\/4-1.jpeg 1066w, https:\/\/tesam.org.tr\/wp-content\/uploads\/2024\/01\/4-1-300x200.jpeg 300w, https:\/\/tesam.org.tr\/wp-content\/uploads\/2024\/01\/4-1-768x512.jpeg 768w, https:\/\/tesam.org.tr\/wp-content\/uploads\/2024\/01\/4-1-18x12.jpeg 18w\" sizes=\"(max-width: 524px) 100vw, 524px\" \/><\/p>\n<p>TESAM Ba\u015fkan\u0131 Dr. \u0130lyas BOZKURT \u201cGe\u00e7mi\u015ften G\u00fcn\u00fcm\u00fcze Liderlik\u201d konusunu i\u015fledi. Eski K\u00fclt\u00fcr Bakan\u0131 Nam\u0131k Kemal ZEYBEK \u201cYery\u00fcz\u00fc T\u00fcrkl\u00fc\u011f\u00fc, \u00d6t\u00fcken Ger\u00e7ekleri\u201d konusunu i\u015fledi. Ders bitiminde TESAM Ba\u015fkan\u0131 Dr. \u0130lyas BOZKURT, eski K\u00fclt\u00fcr Bakan\u0131 Nam\u0131k Kemal ZEYBEK\u2019e plaket takdimi yapt\u0131.<\/p>\n<p><img decoding=\"async\" loading=\"lazy\" class=\"alignnone wp-image-5509\" src=\"https:\/\/tesam.org.tr\/wp-content\/uploads\/2024\/01\/6-1.jpeg\" alt=\"\" width=\"519\" height=\"346\" srcset=\"https:\/\/tesam.org.tr\/wp-content\/uploads\/2024\/01\/6-1.jpeg 1440w, https:\/\/tesam.org.tr\/wp-content\/uploads\/2024\/01\/6-1-300x200.jpeg 300w, https:\/\/tesam.org.tr\/wp-content\/uploads\/2024\/01\/6-1-768x512.jpeg 768w, https:\/\/tesam.org.tr\/wp-content\/uploads\/2024\/01\/6-1-18x12.jpeg 18w\" sizes=\"(max-width: 519px) 100vw, 519px\" \/> <img decoding=\"async\" loading=\"lazy\" class=\"wp-image-5510  alignnone\" src=\"https:\/\/tesam.org.tr\/wp-content\/uploads\/2024\/01\/7-1.jpeg\" alt=\"\" width=\"521\" height=\"347\" srcset=\"https:\/\/tesam.org.tr\/wp-content\/uploads\/2024\/01\/7-1.jpeg 1066w, https:\/\/tesam.org.tr\/wp-content\/uploads\/2024\/01\/7-1-300x200.jpeg 300w, https:\/\/tesam.org.tr\/wp-content\/uploads\/2024\/01\/7-1-768x512.jpeg 768w, https:\/\/tesam.org.tr\/wp-content\/uploads\/2024\/01\/7-1-18x12.jpeg 18w\" sizes=\"(max-width: 521px) 100vw, 521px\" \/> <img decoding=\"async\" loading=\"lazy\" class=\"alignnone wp-image-5511\" src=\"https:\/\/tesam.org.tr\/wp-content\/uploads\/2024\/01\/8-1.jpeg\" alt=\"\" width=\"517\" height=\"344\" srcset=\"https:\/\/tesam.org.tr\/wp-content\/uploads\/2024\/01\/8-1.jpeg 1066w, https:\/\/tesam.org.tr\/wp-content\/uploads\/2024\/01\/8-1-300x200.jpeg 300w, https:\/\/tesam.org.tr\/wp-content\/uploads\/2024\/01\/8-1-768x512.jpeg 768w, https:\/\/tesam.org.tr\/wp-content\/uploads\/2024\/01\/8-1-18x12.jpeg 18w\" sizes=\"(max-width: 517px) 100vw, 517px\" \/> <img decoding=\"async\" loading=\"lazy\" class=\"alignnone wp-image-5512\" src=\"https:\/\/tesam.org.tr\/wp-content\/uploads\/2024\/01\/9-1.jpeg\" alt=\"\" width=\"553\" height=\"369\" srcset=\"https:\/\/tesam.org.tr\/wp-content\/uploads\/2024\/01\/9-1.jpeg 1066w, https:\/\/tesam.org.tr\/wp-content\/uploads\/2024\/01\/9-1-300x200.jpeg 300w, https:\/\/tesam.org.tr\/wp-content\/uploads\/2024\/01\/9-1-768x512.jpeg 768w, https:\/\/tesam.org.tr\/wp-content\/uploads\/2024\/01\/9-1-18x12.jpeg 18w, https:\/\/tesam.org.tr\/wp-content\/uploads\/2024\/01\/9-1-290x195.jpeg 290w\" sizes=\"(max-width: 553px) 100vw, 553px\" \/><\/p>\n<p>&nbsp;<\/p>\n<p>IV. Liderlik ve Siyaset Okulu 2. haftas\u0131nda Prof. Dr. Okan Ye\u015filot, \u201cT\u00fcrk Devletleri Te\u015fkilat\u0131\u201d ba\u015fl\u0131kl\u0131 sunumlar\u0131n\u0131 ger\u00e7ekle\u015ftirdi. Ders bitiminde Do\u00e7. Dr. Arzu AL, Prof. Dr. Okan Ye\u015filot\u2019a plaket takdimi yapt\u0131. Ard\u0131ndan MARKAM Koordinat\u00f6r\u00fc Prof. Dr. Berat B\u0130R, \u201cSiyasi Liderlik\u201d konulu sunumlar\u0131n\u0131 ger\u00e7ekle\u015ftirdi.<\/p>\n<p><img decoding=\"async\" loading=\"lazy\" class=\"alignnone wp-image-5516\" src=\"https:\/\/tesam.org.tr\/wp-content\/uploads\/2024\/01\/21.jpeg\" alt=\"\" width=\"520\" height=\"390\" srcset=\"https:\/\/tesam.org.tr\/wp-content\/uploads\/2024\/01\/21.jpeg 1200w, https:\/\/tesam.org.tr\/wp-content\/uploads\/2024\/01\/21-300x225.jpeg 300w, https:\/\/tesam.org.tr\/wp-content\/uploads\/2024\/01\/21-768x576.jpeg 768w, https:\/\/tesam.org.tr\/wp-content\/uploads\/2024\/01\/21-16x12.jpeg 16w\" sizes=\"(max-width: 520px) 100vw, 520px\" \/> <img decoding=\"async\" loading=\"lazy\" class=\"alignnone wp-image-5515\" src=\"https:\/\/tesam.org.tr\/wp-content\/uploads\/2024\/01\/22.jpeg\" alt=\"\" width=\"517\" height=\"388\" srcset=\"https:\/\/tesam.org.tr\/wp-content\/uploads\/2024\/01\/22.jpeg 1200w, https:\/\/tesam.org.tr\/wp-content\/uploads\/2024\/01\/22-300x225.jpeg 300w, https:\/\/tesam.org.tr\/wp-content\/uploads\/2024\/01\/22-768x576.jpeg 768w, https:\/\/tesam.org.tr\/wp-content\/uploads\/2024\/01\/22-16x12.jpeg 16w\" sizes=\"(max-width: 517px) 100vw, 517px\" \/><img decoding=\"async\" loading=\"lazy\" class=\"alignnone wp-image-5513\" src=\"https:\/\/tesam.org.tr\/wp-content\/uploads\/2024\/01\/24.jpeg\" alt=\"\" width=\"500\" height=\"281\" srcset=\"https:\/\/tesam.org.tr\/wp-content\/uploads\/2024\/01\/24.jpeg 576w, https:\/\/tesam.org.tr\/wp-content\/uploads\/2024\/01\/24-300x169.jpeg 300w, https:\/\/tesam.org.tr\/wp-content\/uploads\/2024\/01\/24-18x10.jpeg 18w\" sizes=\"(max-width: 500px) 100vw, 500px\" \/> <img decoding=\"async\" loading=\"lazy\" class=\"alignnone wp-image-5514\" src=\"https:\/\/tesam.org.tr\/wp-content\/uploads\/2024\/01\/23.jpeg\" alt=\"\" width=\"498\" height=\"280\" srcset=\"https:\/\/tesam.org.tr\/wp-content\/uploads\/2024\/01\/23.jpeg 576w, https:\/\/tesam.org.tr\/wp-content\/uploads\/2024\/01\/23-300x169.jpeg 300w, https:\/\/tesam.org.tr\/wp-content\/uploads\/2024\/01\/23-18x10.jpeg 18w\" sizes=\"(max-width: 498px) 100vw, 498px\" \/><\/p>\n<div class=\"xdj266r x11i5rnm xat24cr x1mh8g0r x1vvkbs x126k92a\">\n<div dir=\"auto\">IV. Liderlik ve Siyaset Okulu 3. haftas\u0131nda, Prof. Dr. Mesut Hakk\u0131 Ca\u015f\u0131n, \u201c\u0130srail-Hamas Sava\u015f\u0131: Akdeniz\u2019de Bar\u0131\u015f\u0131n Yeniden Tesisi\u201d konulu sunumlar\u0131n\u0131 ger\u00e7ekle\u015ftirdi. Ders bitiminde Do\u00e7. Dr. Arzu Al, Prof. Dr. Mesut Hakk\u0131 Ca\u015f\u0131n\u2019a plaket takdimi yapt\u0131. Do\u00e7. Dr. Levent Ersin Orall\u0131, \u201cMavi Vatan\u2019da M\u00fcnhas\u0131r Ekonomik B\u00f6lge ve K\u0131ta Sahanl\u0131\u011f\u0131 Tart\u0131\u015fmalar\u0131\u201d konulu sunumlar\u0131n\u0131 ger\u00e7ekle\u015ftirdi. Ders bitiminde MARKAM Koordinat\u00f6r\u00fc Prof. Dr. Berat B\u0130R, Do\u00e7. Dr. Levent Ersin Orall\u0131\u2019ya plaket takdimi yapt\u0131. Do\u00e7. Dr. Arzu Al, \u201cUluslararas\u0131 \u0130li\u015fkilerde Politik Ekonomi\u201d konulu sunumlar\u0131n\u0131 ger\u00e7ekle\u015ftirdi. Ders bitiminde TESAM Genel Sekreteri Muhammet Aydo\u011fan, Do\u00e7. Dr. Arzu Al\u2019a plaket takdimi yapt\u0131.<\/div>\n<div dir=\"auto\"><img decoding=\"async\" loading=\"lazy\" class=\"alignnone size-medium wp-image-5522\" src=\"https:\/\/tesam.org.tr\/wp-content\/uploads\/2024\/01\/31-300x225.jpeg\" alt=\"\" width=\"300\" height=\"225\" srcset=\"https:\/\/tesam.org.tr\/wp-content\/uploads\/2024\/01\/31-300x225.jpeg 300w, https:\/\/tesam.org.tr\/wp-content\/uploads\/2024\/01\/31-768x576.jpeg 768w, https:\/\/tesam.org.tr\/wp-content\/uploads\/2024\/01\/31-16x12.jpeg 16w, https:\/\/tesam.org.tr\/wp-content\/uploads\/2024\/01\/31.jpeg 1440w\" sizes=\"(max-width: 300px) 100vw, 300px\" \/> <img decoding=\"async\" loading=\"lazy\" class=\"alignnone size-medium wp-image-5521\" src=\"https:\/\/tesam.org.tr\/wp-content\/uploads\/2024\/01\/32-300x225.jpeg\" alt=\"\" width=\"300\" height=\"225\" srcset=\"https:\/\/tesam.org.tr\/wp-content\/uploads\/2024\/01\/32-300x225.jpeg 300w, https:\/\/tesam.org.tr\/wp-content\/uploads\/2024\/01\/32-768x576.jpeg 768w, https:\/\/tesam.org.tr\/wp-content\/uploads\/2024\/01\/32-16x12.jpeg 16w, https:\/\/tesam.org.tr\/wp-content\/uploads\/2024\/01\/32.jpeg 1440w\" sizes=\"(max-width: 300px) 100vw, 300px\" \/> <img decoding=\"async\" loading=\"lazy\" class=\"alignnone size-medium wp-image-5520\" src=\"https:\/\/tesam.org.tr\/wp-content\/uploads\/2024\/01\/33-300x225.jpeg\" alt=\"\" width=\"300\" height=\"225\" srcset=\"https:\/\/tesam.org.tr\/wp-content\/uploads\/2024\/01\/33-300x225.jpeg 300w, https:\/\/tesam.org.tr\/wp-content\/uploads\/2024\/01\/33-768x576.jpeg 768w, https:\/\/tesam.org.tr\/wp-content\/uploads\/2024\/01\/33-16x12.jpeg 16w, https:\/\/tesam.org.tr\/wp-content\/uploads\/2024\/01\/33.jpeg 1440w\" sizes=\"(max-width: 300px) 100vw, 300px\" \/> <img decoding=\"async\" loading=\"lazy\" class=\"alignnone size-medium wp-image-5519\" src=\"https:\/\/tesam.org.tr\/wp-content\/uploads\/2024\/01\/34-300x226.jpeg\" alt=\"\" width=\"300\" height=\"226\" srcset=\"https:\/\/tesam.org.tr\/wp-content\/uploads\/2024\/01\/34-300x226.jpeg 300w, https:\/\/tesam.org.tr\/wp-content\/uploads\/2024\/01\/34-768x579.jpeg 768w, https:\/\/tesam.org.tr\/wp-content\/uploads\/2024\/01\/34-16x12.jpeg 16w, https:\/\/tesam.org.tr\/wp-content\/uploads\/2024\/01\/34.jpeg 1440w\" sizes=\"(max-width: 300px) 100vw, 300px\" \/><img decoding=\"async\" loading=\"lazy\" class=\"alignnone size-medium wp-image-5518\" src=\"https:\/\/tesam.org.tr\/wp-content\/uploads\/2024\/01\/35-300x225.jpeg\" alt=\"\" width=\"300\" height=\"225\" srcset=\"https:\/\/tesam.org.tr\/wp-content\/uploads\/2024\/01\/35-300x225.jpeg 300w, https:\/\/tesam.org.tr\/wp-content\/uploads\/2024\/01\/35-768x576.jpeg 768w, https:\/\/tesam.org.tr\/wp-content\/uploads\/2024\/01\/35-16x12.jpeg 16w, https:\/\/tesam.org.tr\/wp-content\/uploads\/2024\/01\/35.jpeg 1440w\" sizes=\"(max-width: 300px) 100vw, 300px\" \/> <img decoding=\"async\" loading=\"lazy\" class=\"alignnone size-medium wp-image-5517\" src=\"https:\/\/tesam.org.tr\/wp-content\/uploads\/2024\/01\/36-300x226.jpeg\" alt=\"\" width=\"300\" height=\"226\" srcset=\"https:\/\/tesam.org.tr\/wp-content\/uploads\/2024\/01\/36-300x226.jpeg 300w, https:\/\/tesam.org.tr\/wp-content\/uploads\/2024\/01\/36-768x579.jpeg 768w, https:\/\/tesam.org.tr\/wp-content\/uploads\/2024\/01\/36-16x12.jpeg 16w, https:\/\/tesam.org.tr\/wp-content\/uploads\/2024\/01\/36.jpeg 1440w\" sizes=\"(max-width: 300px) 100vw, 300px\" \/><\/div>\n<div dir=\"auto\">&nbsp;<\/div>\n<\/div>\n<div dir=\"auto\">\n<div class=\"xdj266r x11i5rnm xat24cr x1mh8g0r x1vvkbs x126k92a\">\n<div dir=\"auto\">IV. Liderlik ve Siyaset Okulu 4. haftas\u0131nda, Prof. Dr. Kutay Karaca, \u201cKaraba\u011f Sava\u015f\u0131n\u0131n T\u00fcrk D\u00fcnyas\u0131na Etkileri\u201d konulu sunumlar\u0131n\u0131 ger\u00e7ekle\u015ftirdi. Ayd\u0131n \u00d6z\u00fc, \u201cEnerji Jeopoliti\u011fi ve Global Dinamikler\u201d konulu sunumlar\u0131n\u0131 ger\u00e7ekle\u015ftirdi. Ders bitiminde Do\u00e7. Dr. Arzu AL, Uzman Ayd\u0131n \u00d6Z\u00dc\u2019ne plaket takdimi yapt\u0131.<\/div>\n<div dir=\"auto\"><img decoding=\"async\" loading=\"lazy\" class=\"alignnone size-medium wp-image-5527\" src=\"https:\/\/tesam.org.tr\/wp-content\/uploads\/2024\/01\/41-300x225.jpeg\" alt=\"\" width=\"300\" height=\"225\" srcset=\"https:\/\/tesam.org.tr\/wp-content\/uploads\/2024\/01\/41-300x225.jpeg 300w, https:\/\/tesam.org.tr\/wp-content\/uploads\/2024\/01\/41-768x576.jpeg 768w, https:\/\/tesam.org.tr\/wp-content\/uploads\/2024\/01\/41-16x12.jpeg 16w, https:\/\/tesam.org.tr\/wp-content\/uploads\/2024\/01\/41.jpeg 1280w\" sizes=\"(max-width: 300px) 100vw, 300px\" \/> <img decoding=\"async\" loading=\"lazy\" class=\"alignnone size-medium wp-image-5526\" src=\"https:\/\/tesam.org.tr\/wp-content\/uploads\/2024\/01\/42-300x225.jpeg\" alt=\"\" width=\"300\" height=\"225\" srcset=\"https:\/\/tesam.org.tr\/wp-content\/uploads\/2024\/01\/42-300x225.jpeg 300w, https:\/\/tesam.org.tr\/wp-content\/uploads\/2024\/01\/42-768x576.jpeg 768w, https:\/\/tesam.org.tr\/wp-content\/uploads\/2024\/01\/42-16x12.jpeg 16w, https:\/\/tesam.org.tr\/wp-content\/uploads\/2024\/01\/42.jpeg 1440w\" sizes=\"(max-width: 300px) 100vw, 300px\" \/> <img decoding=\"async\" loading=\"lazy\" class=\"alignnone size-medium wp-image-5524\" src=\"https:\/\/tesam.org.tr\/wp-content\/uploads\/2024\/01\/44-300x226.jpeg\" alt=\"\" width=\"300\" height=\"226\" srcset=\"https:\/\/tesam.org.tr\/wp-content\/uploads\/2024\/01\/44-300x226.jpeg 300w, https:\/\/tesam.org.tr\/wp-content\/uploads\/2024\/01\/44-768x579.jpeg 768w, https:\/\/tesam.org.tr\/wp-content\/uploads\/2024\/01\/44-16x12.jpeg 16w, https:\/\/tesam.org.tr\/wp-content\/uploads\/2024\/01\/44.jpeg 1274w\" sizes=\"(max-width: 300px) 100vw, 300px\" \/> <img decoding=\"async\" loading=\"lazy\" class=\"alignnone size-medium wp-image-5525\" src=\"https:\/\/tesam.org.tr\/wp-content\/uploads\/2024\/01\/43-300x225.jpeg\" alt=\"\" width=\"300\" height=\"225\" srcset=\"https:\/\/tesam.org.tr\/wp-content\/uploads\/2024\/01\/43-300x225.jpeg 300w, https:\/\/tesam.org.tr\/wp-content\/uploads\/2024\/01\/43-768x576.jpeg 768w, https:\/\/tesam.org.tr\/wp-content\/uploads\/2024\/01\/43-16x12.jpeg 16w, https:\/\/tesam.org.tr\/wp-content\/uploads\/2024\/01\/43.jpeg 1440w\" sizes=\"(max-width: 300px) 100vw, 300px\" \/><\/div>\n<div dir=\"auto\">&nbsp;<\/div>\n<\/div>\n<\/div>\n<div dir=\"auto\">\n<div class=\"x11i5rnm xat24cr x1mh8g0r x1vvkbs xtlvy1s x126k92a\">\n<div dir=\"auto\">Do\u00e7. Dr. Ali Burak Dar\u0131c\u0131l\u0131, \u201c\u0130stihbarat Diplomasisi\u201d konulu sunumlar\u0131n\u0131 ger\u00e7ekle\u015ftirdi. Ders bitiminde Do\u00e7. Dr. Arzu AL, Do\u00e7. Dr. Ali Burak Dar\u0131c\u0131l\u0131\u2019ya plaket takdimi yapt\u0131. Do\u00e7. Dr. Furkan Kaya, \u201cT\u00fcrkiye\u2019nin Artan Jeopolitik \u00d6nemi\u201d konulu sunumlar\u0131n\u0131 ger\u00e7ekle\u015ftirdi. Ders bitiminde Do\u00e7. Dr. Arzu AL, Do\u00e7. Dr. Furkan Kaya\u2019ya plaket takdimi yapt\u0131. Do\u00e7. Dr. Sava\u015f Bi\u00e7er, \u201cD\u00fcnden Bug\u00fcne T\u00fcrk D\u0131\u015f Politikas\u0131nda Montr\u00f6 Bo\u011fazlar S\u00f6zle\u015fmesinin Yeri ve \u00d6nemi\u201d konulu sunumlar\u0131n\u0131 ger\u00e7ekle\u015ftirdi. Ders bitiminde Do\u00e7. Dr. Arzu AL, Do\u00e7. Dr. Sava\u015f Bi\u00e7er&#8217;e plaket&nbsp;takdimi&nbsp;yapt\u0131.<\/div>\n<\/div>\n<div dir=\"auto\"><img decoding=\"async\" loading=\"lazy\" class=\"alignnone size-medium wp-image-5533\" src=\"https:\/\/tesam.org.tr\/wp-content\/uploads\/2024\/01\/51-300x225.jpeg\" alt=\"\" width=\"300\" height=\"225\" srcset=\"https:\/\/tesam.org.tr\/wp-content\/uploads\/2024\/01\/51-300x225.jpeg 300w, https:\/\/tesam.org.tr\/wp-content\/uploads\/2024\/01\/51-768x576.jpeg 768w, https:\/\/tesam.org.tr\/wp-content\/uploads\/2024\/01\/51-16x12.jpeg 16w, https:\/\/tesam.org.tr\/wp-content\/uploads\/2024\/01\/51.jpeg 1280w\" sizes=\"(max-width: 300px) 100vw, 300px\" \/> <img decoding=\"async\" loading=\"lazy\" class=\"alignnone size-medium wp-image-5532\" src=\"https:\/\/tesam.org.tr\/wp-content\/uploads\/2024\/01\/52-300x226.jpeg\" alt=\"\" width=\"300\" height=\"226\" srcset=\"https:\/\/tesam.org.tr\/wp-content\/uploads\/2024\/01\/52-300x226.jpeg 300w, https:\/\/tesam.org.tr\/wp-content\/uploads\/2024\/01\/52-768x579.jpeg 768w, https:\/\/tesam.org.tr\/wp-content\/uploads\/2024\/01\/52-16x12.jpeg 16w, https:\/\/tesam.org.tr\/wp-content\/uploads\/2024\/01\/52.jpeg 1274w\" sizes=\"(max-width: 300px) 100vw, 300px\" \/> <img decoding=\"async\" loading=\"lazy\" class=\"alignnone size-medium wp-image-5531\" src=\"https:\/\/tesam.org.tr\/wp-content\/uploads\/2024\/01\/53-300x225.jpeg\" alt=\"\" width=\"300\" height=\"225\" srcset=\"https:\/\/tesam.org.tr\/wp-content\/uploads\/2024\/01\/53-300x225.jpeg 300w, https:\/\/tesam.org.tr\/wp-content\/uploads\/2024\/01\/53-768x576.jpeg 768w, https:\/\/tesam.org.tr\/wp-content\/uploads\/2024\/01\/53-16x12.jpeg 16w, https:\/\/tesam.org.tr\/wp-content\/uploads\/2024\/01\/53.jpeg 1280w\" sizes=\"(max-width: 300px) 100vw, 300px\" \/> <img decoding=\"async\" loading=\"lazy\" class=\"alignnone size-medium wp-image-5529\" src=\"https:\/\/tesam.org.tr\/wp-content\/uploads\/2024\/01\/54-300x238.jpeg\" alt=\"\" width=\"300\" height=\"238\" srcset=\"https:\/\/tesam.org.tr\/wp-content\/uploads\/2024\/01\/54-300x238.jpeg 300w, https:\/\/tesam.org.tr\/wp-content\/uploads\/2024\/01\/54-768x610.jpeg 768w, https:\/\/tesam.org.tr\/wp-content\/uploads\/2024\/01\/54-1536x1220.jpeg 1536w, https:\/\/tesam.org.tr\/wp-content\/uploads\/2024\/01\/54-15x12.jpeg 15w, https:\/\/tesam.org.tr\/wp-content\/uploads\/2024\/01\/54.jpeg 2048w\" sizes=\"(max-width: 300px) 100vw, 300px\" \/> <img decoding=\"async\" loading=\"lazy\" class=\"alignnone size-medium wp-image-5530\" src=\"https:\/\/tesam.org.tr\/wp-content\/uploads\/2024\/01\/55-300x225.jpeg\" alt=\"\" width=\"300\" height=\"225\" srcset=\"https:\/\/tesam.org.tr\/wp-content\/uploads\/2024\/01\/55-300x225.jpeg 300w, https:\/\/tesam.org.tr\/wp-content\/uploads\/2024\/01\/55-768x576.jpeg 768w, https:\/\/tesam.org.tr\/wp-content\/uploads\/2024\/01\/55-16x12.jpeg 16w, https:\/\/tesam.org.tr\/wp-content\/uploads\/2024\/01\/55.jpeg 1280w\" sizes=\"(max-width: 300px) 100vw, 300px\" \/> <img decoding=\"async\" loading=\"lazy\" class=\"alignnone size-medium wp-image-5528\" src=\"https:\/\/tesam.org.tr\/wp-content\/uploads\/2024\/01\/56-300x196.jpeg\" alt=\"\" width=\"300\" height=\"196\" srcset=\"https:\/\/tesam.org.tr\/wp-content\/uploads\/2024\/01\/56-300x196.jpeg 300w, https:\/\/tesam.org.tr\/wp-content\/uploads\/2024\/01\/56-768x503.jpeg 768w, https:\/\/tesam.org.tr\/wp-content\/uploads\/2024\/01\/56-1536x1006.jpeg 1536w, https:\/\/tesam.org.tr\/wp-content\/uploads\/2024\/01\/56-18x12.jpeg 18w, https:\/\/tesam.org.tr\/wp-content\/uploads\/2024\/01\/56.jpeg 2048w\" sizes=\"(max-width: 300px) 100vw, 300px\" \/><\/div>\n<\/div>\n<div dir=\"auto\">&nbsp;<\/div>\n<div dir=\"auto\">Prof. Dr. Veysel Bozkurt \u201cTu\u0308rkiye\u2019de Ku\u015faklar Aras\u0131 \u00c7at\u015fma\u201d konulu sunumlar\u0131n\u0131 online ger\u00e7ekle\u015ftirdi. Ard\u0131ndan Prof. Dr. Hasan K\u00f6ni, \u201cKu\u0308resel Gu\u0308\u00e7 Mu\u0308cadelelerinde Karar Vericiler\u201d konulu sunumlar\u0131n\u0131 online ger\u00e7ekle\u015ftirdi.<\/div>\n<div dir=\"auto\"><img decoding=\"async\" loading=\"lazy\" class=\"alignnone wp-image-5535\" src=\"https:\/\/tesam.org.tr\/wp-content\/uploads\/2024\/01\/71.png\" alt=\"\" width=\"553\" height=\"312\" srcset=\"https:\/\/tesam.org.tr\/wp-content\/uploads\/2024\/01\/71.png 3360w, https:\/\/tesam.org.tr\/wp-content\/uploads\/2024\/01\/71-300x169.png 300w, https:\/\/tesam.org.tr\/wp-content\/uploads\/2024\/01\/71-768x433.png 768w, https:\/\/tesam.org.tr\/wp-content\/uploads\/2024\/01\/71-1536x866.png 1536w, https:\/\/tesam.org.tr\/wp-content\/uploads\/2024\/01\/71-2048x1154.png 2048w, https:\/\/tesam.org.tr\/wp-content\/uploads\/2024\/01\/71-18x10.png 18w\" sizes=\"(max-width: 553px) 100vw, 553px\" \/> <img decoding=\"async\" loading=\"lazy\" class=\"alignnone wp-image-5536\" src=\"https:\/\/tesam.org.tr\/wp-content\/uploads\/2024\/01\/81.png\" alt=\"\" width=\"502\" height=\"319\" srcset=\"https:\/\/tesam.org.tr\/wp-content\/uploads\/2024\/01\/81.png 2898w, https:\/\/tesam.org.tr\/wp-content\/uploads\/2024\/01\/81-300x191.png 300w, https:\/\/tesam.org.tr\/wp-content\/uploads\/2024\/01\/81-768x490.png 768w, https:\/\/tesam.org.tr\/wp-content\/uploads\/2024\/01\/81-1536x979.png 1536w, https:\/\/tesam.org.tr\/wp-content\/uploads\/2024\/01\/81-2048x1306.png 2048w, https:\/\/tesam.org.tr\/wp-content\/uploads\/2024\/01\/81-18x12.png 18w\" sizes=\"(max-width: 502px) 100vw, 502px\" \/><\/div>","protected":false},"excerpt":{"rendered":"<p>TESAM(Ekonomik, Siyasal ve Stratejik Ara\u015ft\u0131rmalar Merkezi) ve Marmara \u00dcniversitesi Kariyer Merkezi (MARKAM)&nbsp;i\u015fbirli\u011fiyle 4\u2019\u00fcnc\u00fc kez ger\u00e7ekle\u015ftirilecek&nbsp;Siyaset ve Liderlik Okulu\u2018nun temel amac\u0131; T\u00fcrkiye\u2019nin siyasi tarihi, di\u011fer \u00fclkelerle ili\u015fkileri, ulusal ve uluslararas\u0131 siyasi durum, ikili ili\u015fkiler, liderlik vas\u0131flar\u0131 ve diplomasi mesle\u011finin incelikleri hakk\u0131nda kat\u0131l\u0131mc\u0131lar\u0131 bilgilendirmektir. Bunun yan\u0131nda, program kapsam\u0131nda uluslararas\u0131 ili\u015fkiler, siyasi ili\u015fkiler konular\u0131nda, bilin\u00e7li, bilgi odakl\u0131 ve &#8230;<\/p>","protected":false},"author":1,"featured_media":5243,"comment_status":"closed","ping_status":"open","sticky":false,"template":"","format":"standard","meta":{"ngg_post_thumbnail":0},"categories":[50,1,66],"tags":[58,59,43],"_links":{"self":[{"href":"https:\/\/tesam.org.tr\/en\/wp-json\/wp\/v2\/posts\/5503"}],"collection":[{"href":"https:\/\/tesam.org.tr\/en\/wp-json\/wp\/v2\/posts"}],"about":[{"href":"https:\/\/tesam.org.tr\/en\/wp-json\/wp\/v2\/types\/post"}],"author":[{"embeddable":true,"href":"https:\/\/tesam.org.tr\/en\/wp-json\/wp\/v2\/users\/1"}],"replies":[{"embeddable":true,"href":"https:\/\/tesam.org.tr\/en\/wp-json\/wp\/v2\/comments?post=5503"}],"version-history":[{"count":2,"href":"https:\/\/tesam.org.tr\/en\/wp-json\/wp\/v2\/posts\/5503\/revisions"}],"predecessor-version":[{"id":5537,"href":"https:\/\/tesam.org.tr\/en\/wp-json\/wp\/v2\/posts\/5503\/revisions\/5537"}],"wp:featuredmedia":[{"embeddable":true,"href":"https:\/\/tesam.org.tr\/en\/wp-json\/wp\/v2\/media\/5243"}],"wp:attachment":[{"href":"https:\/\/tesam.org.tr\/en\/wp-json\/wp\/v2\/media?parent=5503"}],"wp:term":[{"taxonomy":"category","embeddable":true,"href":"https:\/\/tesam.org.tr\/en\/wp-json\/wp\/v2\/categories?post=5503"},{"taxonomy":"post_tag","embeddable":true,"href":"https:\/\/tesam.org.tr\/en\/wp-json\/wp\/v2\/tags?post=5503"}],"curies":[{"name":"wp","href":"https:\/\/api.w.org\/{rel}","templated":true}]}}