{"id":7138,"date":"2026-03-10T11:54:43","date_gmt":"2026-03-10T08:54:43","guid":{"rendered":"https:\/\/tesam.org.tr\/?p=7138"},"modified":"2026-03-10T11:58:13","modified_gmt":"2026-03-10T08:58:13","slug":"tesam-ve-tesiaddan-ankarada-stratejik-degerlendirme-toplantisi","status":"publish","type":"post","link":"https:\/\/tesam.org.tr\/en\/tesam-ve-tesiaddan-ankarada-stratejik-degerlendirme-toplantisi\/","title":{"rendered":"TESAM ve TES\u0130AD\u2019dan Ankara\u2019da Stratejik De\u011ferlendirme Toplant\u0131s\u0131"},"content":{"rendered":"<p data-path-to-node=\"1\"><b data-path-to-node=\"1\" data-index-in-node=\"0\">Ba\u015fkent Ankara, TESAM ve TES\u0130AD ev sahipli\u011finde ger\u00e7ekle\u015ftirilen geni\u015f kat\u0131l\u0131ml\u0131 bir de\u011ferlendirme toplant\u0131s\u0131na sahne oldu. Siyasetten akademiye, diplomasiden i\u015f d\u00fcnyas\u0131na kadar pek \u00e7ok \u00f6nemli ismin bir araya geldi\u011fi zirvede, T\u00fcrkiye\u2019nin g\u00fcncel meseleleri masaya yat\u0131r\u0131ld\u0131.<\/b><\/p>\n<p data-path-to-node=\"1\">&nbsp;<img decoding=\"async\" loading=\"lazy\" class=\"alignnone size-full wp-image-7140\" src=\"https:\/\/tesam.org.tr\/wp-content\/uploads\/2026\/03\/2.jpg\" alt=\"\" width=\"1080\" height=\"1350\" srcset=\"https:\/\/tesam.org.tr\/wp-content\/uploads\/2026\/03\/2.jpg 1080w, https:\/\/tesam.org.tr\/wp-content\/uploads\/2026\/03\/2-240x300.jpg 240w, https:\/\/tesam.org.tr\/wp-content\/uploads\/2026\/03\/2-768x960.jpg 768w, https:\/\/tesam.org.tr\/wp-content\/uploads\/2026\/03\/2-10x12.jpg 10w\" sizes=\"(max-width: 1080px) 100vw, 1080px\" \/>&nbsp;<\/p>\n<h3 data-path-to-node=\"3\">Ankara\u2019da Fikir Sofras\u0131: Geni\u015f Kat\u0131l\u0131ml\u0131 \u0130sti\u015fare<\/h3>\n<p data-path-to-node=\"4\">Ekonomik ve Sosyal Ara\u015ft\u0131rmalar Merkezi (TESAM) ile T\u00fcm Etkin Sanayici \u0130\u015f Adamlar\u0131 ve \u0130\u015f Kad\u0131nlar\u0131 Federasyonu (TES\u0130AD), Ankara\u2019da d\u00fczenledikleri ortak de\u011ferlendirme toplant\u0131s\u0131yla \u00f6nemli bir platform olu\u015fturdu. G\u00fcne samimi bir kahvalt\u0131 program\u0131 ile ba\u015flayan heyet, a\u00e7\u0131l\u0131\u015f konu\u015fmalar\u0131n\u0131n ard\u0131ndan T\u00fcrkiye\u2019nin \u00f6ncelikli g\u00fcndem maddelerini de\u011ferlendirmek \u00fczere topland\u0131.<\/p>\n<p data-path-to-node=\"5\">Toplant\u0131ya onur konu\u011fu olarak kat\u0131lan <b data-path-to-node=\"5\" data-index-in-node=\"38\">TBMM Eski Ba\u015fkan\u0131 Cemil \u00c7i\u00e7ek<\/b>, tecr\u00fcbelerini payla\u015farak devlet gelene\u011fi ve g\u00fcncel siyasi perspektif \u00fczerine \u00f6nemli a\u00e7\u0131klamalarda bulundu. Program\u0131n a\u00e7\u0131l\u0131\u015f k\u00fcrs\u00fcs\u00fcnde ayr\u0131ca; <b data-path-to-node=\"5\" data-index-in-node=\"212\">TESAM ve TES\u0130AD Kurucu Genel Ba\u015fkan\u0131 Dr. \u0130lyas Bozkurt<\/b>, TES\u0130AD temsilcisi <b data-path-to-node=\"5\" data-index-in-node=\"286\">Ertu\u011frul Akba\u015f<\/b> ve TESAM ad\u0131na <b data-path-to-node=\"5\" data-index-in-node=\"316\">Prof. Dr. H\u00fclya Kasapo\u011flu \u00c7engel<\/b> yer alarak kurumlar\u0131n vizyonu ve toplant\u0131n\u0131n amac\u0131na dair de\u011ferlendirmelerini aktard\u0131lar.<\/p>\n<p data-path-to-node=\"5\"><img decoding=\"async\" loading=\"lazy\" class=\"alignnone size-full wp-image-7141\" src=\"https:\/\/tesam.org.tr\/wp-content\/uploads\/2026\/03\/7.jpg\" alt=\"\" width=\"1080\" height=\"1350\" srcset=\"https:\/\/tesam.org.tr\/wp-content\/uploads\/2026\/03\/7.jpg 1080w, https:\/\/tesam.org.tr\/wp-content\/uploads\/2026\/03\/7-240x300.jpg 240w, https:\/\/tesam.org.tr\/wp-content\/uploads\/2026\/03\/7-768x960.jpg 768w, https:\/\/tesam.org.tr\/wp-content\/uploads\/2026\/03\/7-10x12.jpg 10w\" sizes=\"(max-width: 1080px) 100vw, 1080px\" \/><\/p>\n<h3 data-path-to-node=\"7\">\u00c7ok Boyutlu Perspektif: Siyaset, Ekonomi ve Toplum<\/h3>\n<p data-path-to-node=\"8\">Toplant\u0131, yaln\u0131zca bir sivil toplum bulu\u015fmas\u0131 olman\u0131n \u00f6tesinde; emekli generallerden b\u00fcy\u00fckel\u00e7ilere, alan\u0131nda uzman akademisyenlerden i\u015f d\u00fcnyas\u0131n\u0131n lider isimlerine kadar olduk\u00e7a geni\u015f ve nitelikli bir kat\u0131l\u0131mc\u0131 profiline ev sahipli\u011fi yapt\u0131. Bu \u00e7e\u015fitlilik, ele al\u0131nan konular\u0131n \u00e7ok boyutlu bir s\u00fczge\u00e7ten ge\u00e7irilmesine olanak sa\u011flad\u0131.<\/p>\n<p data-path-to-node=\"9\">Ger\u00e7ekle\u015ftirilen isti\u015farelerde \u015fu ana ba\u015fl\u0131klar \u00f6ne \u00e7\u0131kt\u0131:<\/p>\n<ul data-path-to-node=\"10\">\n<li>\n<p data-path-to-node=\"10,0,0\"><b data-path-to-node=\"10,0,0\" data-index-in-node=\"0\">G\u00fcncel Siyasi Geli\u015fmeler:<\/b> \u0130\u00e7 ve d\u0131\u015f siyasetteki de\u011fi\u015fimlerin T\u00fcrkiye\u2019nin stratejik konumuna etkileri.<\/p>\n<\/li>\n<li>\n<p data-path-to-node=\"10,1,0\"><b data-path-to-node=\"10,1,0\" data-index-in-node=\"0\">Ekonomik Projeksiyonlar:<\/b> \u0130\u015f d\u00fcnyas\u0131n\u0131n beklentileri ve s\u00fcrd\u00fcr\u00fclebilir ekonomik kalk\u0131nma modelleri.<\/p>\n<\/li>\n<li>\n<p data-path-to-node=\"10,2,0\"><b data-path-to-node=\"10,2,0\" data-index-in-node=\"0\">Toplumsal D\u00f6n\u00fc\u015f\u00fcm:<\/b> Toplumun farkl\u0131 kesimlerinin ihtiya\u00e7lar\u0131 ve sosyal dayan\u0131\u015fman\u0131n \u00f6nemi.<\/p>\n<\/li>\n<li><img decoding=\"async\" loading=\"lazy\" class=\"alignnone size-medium wp-image-7142\" src=\"https:\/\/tesam.org.tr\/wp-content\/uploads\/2026\/03\/13-240x300.jpg\" alt=\"\" width=\"240\" height=\"300\" srcset=\"https:\/\/tesam.org.tr\/wp-content\/uploads\/2026\/03\/13-240x300.jpg 240w, https:\/\/tesam.org.tr\/wp-content\/uploads\/2026\/03\/13-768x960.jpg 768w, https:\/\/tesam.org.tr\/wp-content\/uploads\/2026\/03\/13-10x12.jpg 10w, https:\/\/tesam.org.tr\/wp-content\/uploads\/2026\/03\/13.jpg 1080w\" sizes=\"(max-width: 240px) 100vw, 240px\" \/> <img decoding=\"async\" loading=\"lazy\" class=\"alignnone size-medium wp-image-7139\" src=\"https:\/\/tesam.org.tr\/wp-content\/uploads\/2026\/03\/1-240x300.jpg\" alt=\"\" width=\"240\" height=\"300\" srcset=\"https:\/\/tesam.org.tr\/wp-content\/uploads\/2026\/03\/1-240x300.jpg 240w, https:\/\/tesam.org.tr\/wp-content\/uploads\/2026\/03\/1-768x960.jpg 768w, https:\/\/tesam.org.tr\/wp-content\/uploads\/2026\/03\/1-10x12.jpg 10w, https:\/\/tesam.org.tr\/wp-content\/uploads\/2026\/03\/1.jpg 1080w\" sizes=\"(max-width: 240px) 100vw, 240px\" \/><\/li>\n<\/ul>\n<h3 data-path-to-node=\"11\">Gelece\u011fe Y\u00f6nelik Kararl\u0131l\u0131k Mesaj\u0131<\/h3>\n<p data-path-to-node=\"12\">Toplant\u0131 sonunda yap\u0131lan genel de\u011ferlendirmede, bu t\u00fcr isti\u015farelerin devlet ve millet b\u00fct\u00fcnle\u015fmesine katk\u0131 sa\u011flad\u0131\u011f\u0131 vurguland\u0131. TESAM ve TES\u0130AD\u2019\u0131n ortak ak\u0131l \u00fcretme misyonu \u00e7er\u00e7evesinde, Ankara\u2019daki bu bulu\u015fman\u0131n \u00f6n\u00fcm\u00fczdeki s\u00fcre\u00e7te at\u0131lacak ad\u0131mlar i\u00e7in bir yol haritas\u0131 niteli\u011fi ta\u015f\u0131d\u0131\u011f\u0131 ifade edildi.<\/p>","protected":false},"excerpt":{"rendered":"<p>Ba\u015fkent Ankara, TESAM ve TES\u0130AD ev sahipli\u011finde ger\u00e7ekle\u015ftirilen geni\u015f kat\u0131l\u0131ml\u0131 bir de\u011ferlendirme toplant\u0131s\u0131na sahne oldu. Siyasetten akademiye, diplomasiden i\u015f d\u00fcnyas\u0131na kadar pek \u00e7ok \u00f6nemli ismin bir araya geldi\u011fi zirvede, T\u00fcrkiye\u2019nin g\u00fcncel meseleleri masaya yat\u0131r\u0131ld\u0131. &nbsp;&nbsp; Ankara\u2019da Fikir Sofras\u0131: Geni\u015f Kat\u0131l\u0131ml\u0131 \u0130sti\u015fare Ekonomik ve Sosyal Ara\u015ft\u0131rmalar Merkezi (TESAM) ile T\u00fcm Etkin Sanayici \u0130\u015f Adamlar\u0131 ve \u0130\u015f &#8230;<\/p>","protected":false},"author":1,"featured_media":7141,"comment_status":"closed","ping_status":"open","sticky":false,"template":"","format":"standard","meta":{"ngg_post_thumbnail":0},"categories":[66],"tags":[],"_links":{"self":[{"href":"https:\/\/tesam.org.tr\/en\/wp-json\/wp\/v2\/posts\/7138"}],"collection":[{"href":"https:\/\/tesam.org.tr\/en\/wp-json\/wp\/v2\/posts"}],"about":[{"href":"https:\/\/tesam.org.tr\/en\/wp-json\/wp\/v2\/types\/post"}],"author":[{"embeddable":true,"href":"https:\/\/tesam.org.tr\/en\/wp-json\/wp\/v2\/users\/1"}],"replies":[{"embeddable":true,"href":"https:\/\/tesam.org.tr\/en\/wp-json\/wp\/v2\/comments?post=7138"}],"version-history":[{"count":1,"href":"https:\/\/tesam.org.tr\/en\/wp-json\/wp\/v2\/posts\/7138\/revisions"}],"predecessor-version":[{"id":7143,"href":"https:\/\/tesam.org.tr\/en\/wp-json\/wp\/v2\/posts\/7138\/revisions\/7143"}],"wp:featuredmedia":[{"embeddable":true,"href":"https:\/\/tesam.org.tr\/en\/wp-json\/wp\/v2\/media\/7141"}],"wp:attachment":[{"href":"https:\/\/tesam.org.tr\/en\/wp-json\/wp\/v2\/media?parent=7138"}],"wp:term":[{"taxonomy":"category","embeddable":true,"href":"https:\/\/tesam.org.tr\/en\/wp-json\/wp\/v2\/categories?post=7138"},{"taxonomy":"post_tag","embeddable":true,"href":"https:\/\/tesam.org.tr\/en\/wp-json\/wp\/v2\/tags?post=7138"}],"curies":[{"name":"wp","href":"https:\/\/api.w.org\/{rel}","templated":true}]}}