{"id":7144,"date":"2026-03-10T11:57:54","date_gmt":"2026-03-10T08:57:54","guid":{"rendered":"https:\/\/tesam.org.tr\/?p=7144"},"modified":"2026-03-10T11:57:54","modified_gmt":"2026-03-10T08:57:54","slug":"tesam-yayinlarindan-akademik-dunyaya-yeni-soluk-yeni-eserler-okurlarla-bulustu","status":"publish","type":"post","link":"https:\/\/tesam.org.tr\/en\/tesam-yayinlarindan-akademik-dunyaya-yeni-soluk-yeni-eserler-okurlarla-bulustu\/","title":{"rendered":"TESAM Yay\u0131nlar\u0131\u2019ndan Akademik D\u00fcnyaya Yeni Soluk: Yeni Eserler Okurlarla Bulu\u015ftu"},"content":{"rendered":"<h2 class=\"cdk-visually-hidden ng-star-inserted\"><b style=\"font-size: 16px;\" data-path-to-node=\"1\" data-index-in-node=\"0\">TESAM Yay\u0131nlar\u0131, bilimsel \u00fcretimi destekleme ve fikr\u00ee derinli\u011fi art\u0131rma misyonu do\u011frultusunda haz\u0131rlad\u0131\u011f\u0131 yeni kitap dizisini yay\u0131nlad\u0131. Akademi d\u00fcnyas\u0131na referans kaynaklar sunmay\u0131 ama\u00e7layan yay\u0131nevi, titiz bir editoryal s\u00fcrecin ard\u0131ndan g\u00fcncel meselelere \u0131\u015f\u0131k tutan eserleri literat\u00fcre kazand\u0131rd\u0131.<\/b><\/h2>\n<p><img decoding=\"async\" loading=\"lazy\" class=\"alignnone size-full wp-image-7145\" src=\"https:\/\/tesam.org.tr\/wp-content\/uploads\/2026\/03\/WhatsApp-Image-2026-03-10-at-11.55.54.jpeg\" alt=\"\" width=\"1129\" height=\"1386\" srcset=\"https:\/\/tesam.org.tr\/wp-content\/uploads\/2026\/03\/WhatsApp-Image-2026-03-10-at-11.55.54.jpeg 1129w, https:\/\/tesam.org.tr\/wp-content\/uploads\/2026\/03\/WhatsApp-Image-2026-03-10-at-11.55.54-244x300.jpeg 244w, https:\/\/tesam.org.tr\/wp-content\/uploads\/2026\/03\/WhatsApp-Image-2026-03-10-at-11.55.54-768x943.jpeg 768w, https:\/\/tesam.org.tr\/wp-content\/uploads\/2026\/03\/WhatsApp-Image-2026-03-10-at-11.55.54-10x12.jpeg 10w\" sizes=\"(max-width: 1129px) 100vw, 1129px\" \/><\/p>\n<div class=\"container\">\n<div id=\"model-response-message-contentr_c5a89e5b5d44b6cf\" class=\"markdown markdown-main-panel stronger enable-updated-hr-color\" dir=\"ltr\" aria-live=\"polite\" aria-busy=\"false\">\n<h3 data-path-to-node=\"3\">Teori ve Prati\u011fin Bulu\u015fma Noktas\u0131: Nitelikli Analizler<\/h3>\n<p data-path-to-node=\"4\">Akademik literat\u00fcre katk\u0131 sunma hedefiyle yola \u00e7\u0131kan TESAM Yay\u0131nlar\u0131, alan\u0131nda uzman akademisyenlerin kaleminden \u00e7\u0131kan yeni eserlerini duyurdu. Bu kitaplar, sadece teorik bilgi sunmakla kalmay\u0131p, g\u00fcncel toplumsal ve bilimsel meseleleri disiplinleraras\u0131 bir bak\u0131\u015f a\u00e7\u0131s\u0131yla ele al\u0131yor.<\/p>\n<p data-path-to-node=\"5\">\u00d6zellikle ara\u015ft\u0131rmac\u0131lar ve lisans\u00fcst\u00fc \u00f6\u011frenciler i\u00e7in temel birer ba\u015fvuru kayna\u011f\u0131 niteli\u011finde olan \u00e7al\u0131\u015fmalar; titiz bir analiz s\u00fcrecinin ve uzun soluklu editoryal haz\u0131rl\u0131\u011f\u0131n bir \u00fcr\u00fcn\u00fc olarak dikkat \u00e7ekiyor.<\/p>\n<h3 data-path-to-node=\"7\">Bilimsel \u00dcretimde S\u00fcreklilik ve Derinlik<\/h3>\n<p data-path-to-node=\"8\">Yay\u0131nevi taraf\u0131ndan yap\u0131lan a\u00e7\u0131klamada, bilimsel bilginin yayg\u0131nla\u015ft\u0131r\u0131lmas\u0131n\u0131n ve d\u00fc\u015f\u00fcnce hayat\u0131n\u0131n zenginle\u015ftirilmesinin \u00f6nemi vurguland\u0131. Yeni yay\u0131nlanan bu eserlerin, T\u00fcrkiye&#8217;deki akademik tart\u0131\u015fmalara yeni perspektifler kazand\u0131rmas\u0131 bekleniyor.<\/p>\n<p data-path-to-node=\"9\"><b data-path-to-node=\"9\" data-index-in-node=\"0\">Yeni yay\u0131n koleksiyonunun \u00f6ne \u00e7\u0131kan \u00f6zellikleri:<\/b><\/p>\n<ul data-path-to-node=\"10\">\n<li>\n<p data-path-to-node=\"10,0,0\"><b data-path-to-node=\"10,0,0\" data-index-in-node=\"0\">Uzman Yazar Kadrosu:<\/b> Kendi alan\u0131nda yetkin akademisyenlerin derinlemesine \u00e7al\u0131\u015fmalar\u0131.<\/p>\n<\/li>\n<li>\n<p data-path-to-node=\"10,1,0\"><b data-path-to-node=\"10,1,0\" data-index-in-node=\"0\">Disiplinleraras\u0131 Yakla\u015f\u0131m:<\/b> Farkl\u0131 bilim dallar\u0131n\u0131n kesi\u015fim k\u00fcmesinde haz\u0131rlanan kapsay\u0131c\u0131 i\u00e7erikler.<\/p>\n<\/li>\n<li>\n<p data-path-to-node=\"10,2,0\"><b data-path-to-node=\"10,2,0\" data-index-in-node=\"0\">Referans Niteli\u011fi:<\/b> Akademik \u00e7al\u0131\u015fmalarda kaynak g\u00f6sterilebilecek metodolojik disiplin ve veri g\u00fcvenilirli\u011fi.<\/p>\n<\/li>\n<\/ul>\n<h3 data-path-to-node=\"11\">Bilgiye Eri\u015fim: Dijital ve Bas\u0131l\u0131 Se\u00e7enekler<\/h3>\n<p data-path-to-node=\"12\">TESAM Yay\u0131nlar\u0131, fikr\u00ee derinli\u011fi geni\u015f kitlelere ula\u015ft\u0131rmak ad\u0131na eserlerini okurlar\u0131n eri\u015fimine a\u00e7t\u0131. Yeni yay\u0131nlar; hem akademi d\u00fcnyas\u0131n\u0131n hem de entelekt\u00fcel merak\u0131 olan t\u00fcm okurlar\u0131n istifadesine sunulmu\u015f durumda.<\/p>\n<blockquote data-path-to-node=\"13\">\n<p data-path-to-node=\"13,0\">&#8220;Bilimsel \u00fcretimin ve fikr\u00ee derinli\u011fin yayg\u0131nla\u015fmas\u0131na katk\u0131 sunmay\u0131 s\u00fcrd\u00fcr\u00fcyoruz. Yeni yay\u0131nlar\u0131m\u0131z\u0131n akademi d\u00fcnyas\u0131na ve d\u00fc\u015f\u00fcnce hayat\u0131na hay\u0131rl\u0131 olmas\u0131n\u0131 temenni ederiz.&#8221;<\/p>\n<\/blockquote>\n<p data-path-to-node=\"15\"><b data-path-to-node=\"15\" data-index-in-node=\"0\">&nbsp;Detayl\u0131 Bilgi ve Temin:<\/b> Yeni eserlerin i\u00e7erikleri, yazar \u00f6zge\u00e7mi\u015fleri ve sat\u0131n alma kanallar\u0131 hakk\u0131nda bilgi edinmek i\u00e7in [TESAM Resmi Web Sitesi] \u00fczerinden yay\u0131nlar kategorisini ziyaret edebilirsiniz.<\/p>\n<\/div>\n<\/div>","protected":false},"excerpt":{"rendered":"<p>TESAM Yay\u0131nlar\u0131, bilimsel \u00fcretimi destekleme ve fikr\u00ee derinli\u011fi art\u0131rma misyonu do\u011frultusunda haz\u0131rlad\u0131\u011f\u0131 yeni kitap dizisini yay\u0131nlad\u0131. Akademi d\u00fcnyas\u0131na referans kaynaklar sunmay\u0131 ama\u00e7layan yay\u0131nevi, titiz bir editoryal s\u00fcrecin ard\u0131ndan g\u00fcncel meselelere \u0131\u015f\u0131k tutan eserleri literat\u00fcre kazand\u0131rd\u0131. Teori ve Prati\u011fin Bulu\u015fma Noktas\u0131: Nitelikli Analizler Akademik literat\u00fcre katk\u0131 sunma hedefiyle yola \u00e7\u0131kan TESAM Yay\u0131nlar\u0131, alan\u0131nda uzman akademisyenlerin kaleminden &#8230;<\/p>","protected":false},"author":1,"featured_media":7145,"comment_status":"closed","ping_status":"open","sticky":false,"template":"","format":"standard","meta":{"ngg_post_thumbnail":0},"categories":[66],"tags":[],"_links":{"self":[{"href":"https:\/\/tesam.org.tr\/en\/wp-json\/wp\/v2\/posts\/7144"}],"collection":[{"href":"https:\/\/tesam.org.tr\/en\/wp-json\/wp\/v2\/posts"}],"about":[{"href":"https:\/\/tesam.org.tr\/en\/wp-json\/wp\/v2\/types\/post"}],"author":[{"embeddable":true,"href":"https:\/\/tesam.org.tr\/en\/wp-json\/wp\/v2\/users\/1"}],"replies":[{"embeddable":true,"href":"https:\/\/tesam.org.tr\/en\/wp-json\/wp\/v2\/comments?post=7144"}],"version-history":[{"count":1,"href":"https:\/\/tesam.org.tr\/en\/wp-json\/wp\/v2\/posts\/7144\/revisions"}],"predecessor-version":[{"id":7146,"href":"https:\/\/tesam.org.tr\/en\/wp-json\/wp\/v2\/posts\/7144\/revisions\/7146"}],"wp:featuredmedia":[{"embeddable":true,"href":"https:\/\/tesam.org.tr\/en\/wp-json\/wp\/v2\/media\/7145"}],"wp:attachment":[{"href":"https:\/\/tesam.org.tr\/en\/wp-json\/wp\/v2\/media?parent=7144"}],"wp:term":[{"taxonomy":"category","embeddable":true,"href":"https:\/\/tesam.org.tr\/en\/wp-json\/wp\/v2\/categories?post=7144"},{"taxonomy":"post_tag","embeddable":true,"href":"https:\/\/tesam.org.tr\/en\/wp-json\/wp\/v2\/tags?post=7144"}],"curies":[{"name":"wp","href":"https:\/\/api.w.org\/{rel}","templated":true}]}}