{"id":728,"date":"2014-05-30T17:12:09","date_gmt":"2014-05-30T14:12:09","guid":{"rendered":"https:\/\/tesam.org.tr\/?p=728"},"modified":"2015-03-31T10:16:45","modified_gmt":"2015-03-31T07:16:45","slug":"dogu-bati-dengesi","status":"publish","type":"post","link":"https:\/\/tesam.org.tr\/en\/dogu-bati-dengesi\/","title":{"rendered":"DO\u011eU-BATI DENGES\u0130"},"content":{"rendered":"<p>Y\u0131ld\u0131r\u0131m Deniz<\/p>\n<p>Son y\u0131llarda savunma sanayimiz olduk\u00e7a geli\u015fti. Kendi helikopterimizi, gemimizi, tank\u0131m\u0131z\u0131, \u0130HA\u2019m\u0131z\u0131 (insans\u0131z hava arac\u0131), torpidomuzu, e\u011fitim u\u00e7a\u011f\u0131m\u0131z\u0131 ve daha bir\u00e7ok askeri te\u00e7hizat\u0131 kendi imk\u00e2nlar\u0131m\u0131zla \u00fcretir bir noktaya ula\u015ft\u0131k.<\/p>\n<p>Hatta T\u00fcrk savunma ve havac\u0131l\u0131k \u015firketlerinin 2012 y\u0131l\u0131nda yapt\u0131klar\u0131 ihracat rakam\u0131 1 milyar 262 milyon dolara kadar \u00e7\u0131kt\u0131. Y\u0131llard\u0131r d\u0131\u015fa ba\u011f\u0131ml\u0131 oldu\u011fumuz bir alanda bu d\u00f6ng\u00fcy\u00fc k\u0131rarak ihracat\u00e7\u0131 bir \u00fclke konumuna gelmemiz \u00e7ok g\u00fczel bir geli\u015fme.<\/p>\n<p>Ancak, askeri alanda d\u0131\u015fa ba\u011f\u0131ml\u0131l\u0131\u011f\u0131 k\u0131rmak; yukar\u0131da sayd\u0131\u011f\u0131m\u0131z geleneksel silahlarla birlikte, esas olarak havac\u0131l\u0131k, balistik f\u00fcze, n\u00fckleer silahlar ve uzay teknolojileri konusunda olmal\u0131. E\u011fer bu sayd\u0131\u011f\u0131m alanlarda etkili olabilirsek, o zaman bir d\u00fcnya g\u00fcc\u00fc olduk demektir. Ancak geli\u015fmi\u015f \u00fclkeler di\u011fer eski \u00fcretim teknolojisini bize ihra\u00e7 ederken, konu y\u00fcksek teknolojiye dayal\u0131 \u00fcr\u00fcnler y\u00fcksek teknolojiye dayal\u0131 silahlar oldu mu, bize gizliden gizliye bir ambargo uygulamaktalar.<\/p>\n<p>Evet, ge\u00e7ti\u011fimiz hafta tam da bu konuda \u00e7ok \u00f6nemli bir ad\u0131m at\u0131ld\u0131. D\u0131\u015far\u0131dan bak\u0131ld\u0131\u011f\u0131nda T\u00fcrkiye i\u00e7in \u00e7ok avantajl\u0131 olabilecek, ama ayn\u0131 zamanda da ba\u015f\u0131m\u0131z\u0131 \u00e7ok a\u011fr\u0131tabilecek bir ad\u0131m!<\/p>\n<p>Evet, ge\u00e7ti\u011fimiz hafta Savunma Sanayii \u0130cra Komitesi Ba\u015fbakan Erdo\u011fan ba\u015fkanl\u0131\u011f\u0131nda topland\u0131 ve \u00e7ok \u00f6nemli bir karar\u0131n alt\u0131na imza att\u0131. Komite, Uzun Menzilli Hava Savunma Sistemi olarak adland\u0131r\u0131lan anti-balistik \u015femsiye ihalesinde \u00c7in\u2019in teklifini kabul etti. Yakla\u015f\u0131k 4 milyar dolar de\u011ferindeki bu ihalede \u00c7inli CPMIEC \u015firketinin FD\u20132000 f\u00fczelerinin yan\u0131 s\u0131ra, ABD\u2019den Patriot, Fransa-\u0130talya ortakl\u0131\u011f\u0131n\u0131n geli\u015ftirdi\u011fi Eurosam Samp-T ve Rusya\u2019dan S\u2013400 f\u00fczeleri de yar\u0131\u015f\u0131yordu.<\/p>\n<p>Bu anla\u015fma hayata ge\u00e7erse, \u00fclkemiz f\u00fcze sahibi olman\u0131n yan\u0131nda, teknoloji transferi de yaparak kendi f\u00fczelerimizi kendimiz \u00fcretebilece\u011fiz.<br \/>\nBuraya kadarki denklem, kendi i\u00e7inde \u00e7ok g\u00fczel. Ancak parantezin d\u0131\u015f\u0131nda, yukar\u0131da sayd\u0131\u011f\u0131m\u0131z \u015feyler d\u0131\u015f\u0131nda \u00e7ok \u00f6nemli fakt\u00f6rler var.<\/p>\n<p>T\u00fcrkiye, ABD\u2019nin \u2018stratejik ortak\u2019 olarak kabul etti\u011fi, NATO \u00fcyesi bir \u00fclke. ABD\u2019nin yak\u0131n gelecekte en muhtemel rakibi olacak bir \u00c7in ile b\u00f6yle \u00f6nemli bir askeri anla\u015fma yapmam\u0131z, elbette ABD taraf\u0131ndan ho\u015f kar\u015f\u0131lanmayacak ve bunun ili\u015fkilere yans\u0131malar\u0131 olacakt\u0131r.<\/p>\n<p>\u00c7in\u2019le yap\u0131lan bu anla\u015fma, T\u00fcrkiye\u2019nin d\u0131\u015f politikada y\u00f6n\u00fcn\u00fcn do\u011fuya kaymas\u0131na de\u011fil; do\u011fu ve bat\u0131 aras\u0131nda bir denge kurmas\u0131na y\u00f6nelik bir ad\u0131m olmal\u0131d\u0131r. Aksi takdirde m\u00fcstakilen bu anla\u015fma bat\u0131ya g\u00f6zda\u011f\u0131 vererek, bat\u0131dan do\u011fuya do\u011fru bir kaymay\u0131 netice verecekse, bir defa daha d\u00fc\u015f\u00fcnmek gerekir. Zira bu anla\u015fma, merhum Menderes\u2019in darbeden hemen \u00f6nce ABD ile ipleri kopararak Sovyetler Birli\u011fi ile yapmaya niyetlendi\u011fi anla\u015fmay\u0131 an\u0131msat\u0131yor bize!<\/p>\n<p>Savunma sanayi ihalelerinde iptaller her zaman ya\u015fanmaktad\u0131r. Bu anla\u015fma da belki hayata ge\u00e7irilemeden iptal edilecektir. Ama at\u0131lan bu ad\u0131mlar\u0131n, kal\u0131c\u0131 etkileri olacakt\u0131r.<\/p>\n<p>Burada bizim yapmam\u0131z gereken en \u00f6nemli gereken \u015fey, y\u0131llard\u0131r \u00c7in\u2019in ba\u015far\u0131yla uygulad\u0131\u011f\u0131 sessizce ve derinden b\u00fcy\u00fcme stratejisini uygulamakt\u0131r. Aksi halde f\u00fcze anla\u015fmas\u0131nda oldu\u011fu gibi ataca\u011f\u0131m\u0131z sansasyonel ad\u0131mlar, ileride ba\u015f\u0131m\u0131z\u0131 gereksiz yere a\u011fr\u0131t\u0131r.<\/p>","protected":false},"excerpt":{"rendered":"<p>Y\u0131ld\u0131r\u0131m Deniz Son y\u0131llarda savunma sanayimiz olduk\u00e7a geli\u015fti. Kendi helikopterimizi, gemimizi, tank\u0131m\u0131z\u0131, \u0130HA\u2019m\u0131z\u0131 (insans\u0131z hava arac\u0131), torpidomuzu, e\u011fitim u\u00e7a\u011f\u0131m\u0131z\u0131 ve daha bir\u00e7ok askeri te\u00e7hizat\u0131 kendi imk\u00e2nlar\u0131m\u0131zla \u00fcretir bir noktaya ula\u015ft\u0131k. Hatta T\u00fcrk savunma ve havac\u0131l\u0131k \u015firketlerinin 2012 y\u0131l\u0131nda yapt\u0131klar\u0131 ihracat rakam\u0131 1 milyar 262 milyon dolara kadar \u00e7\u0131kt\u0131. Y\u0131llard\u0131r d\u0131\u015fa ba\u011f\u0131ml\u0131 oldu\u011fumuz bir alanda bu &#8230;<\/p>","protected":false},"author":1,"featured_media":729,"comment_status":"closed","ping_status":"closed","sticky":false,"template":"","format":"standard","meta":{"ngg_post_thumbnail":0},"categories":[47],"tags":[],"_links":{"self":[{"href":"https:\/\/tesam.org.tr\/en\/wp-json\/wp\/v2\/posts\/728"}],"collection":[{"href":"https:\/\/tesam.org.tr\/en\/wp-json\/wp\/v2\/posts"}],"about":[{"href":"https:\/\/tesam.org.tr\/en\/wp-json\/wp\/v2\/types\/post"}],"author":[{"embeddable":true,"href":"https:\/\/tesam.org.tr\/en\/wp-json\/wp\/v2\/users\/1"}],"replies":[{"embeddable":true,"href":"https:\/\/tesam.org.tr\/en\/wp-json\/wp\/v2\/comments?post=728"}],"version-history":[{"count":1,"href":"https:\/\/tesam.org.tr\/en\/wp-json\/wp\/v2\/posts\/728\/revisions"}],"predecessor-version":[{"id":730,"href":"https:\/\/tesam.org.tr\/en\/wp-json\/wp\/v2\/posts\/728\/revisions\/730"}],"wp:featuredmedia":[{"embeddable":true,"href":"https:\/\/tesam.org.tr\/en\/wp-json\/wp\/v2\/media\/729"}],"wp:attachment":[{"href":"https:\/\/tesam.org.tr\/en\/wp-json\/wp\/v2\/media?parent=728"}],"wp:term":[{"taxonomy":"category","embeddable":true,"href":"https:\/\/tesam.org.tr\/en\/wp-json\/wp\/v2\/categories?post=728"},{"taxonomy":"post_tag","embeddable":true,"href":"https:\/\/tesam.org.tr\/en\/wp-json\/wp\/v2\/tags?post=728"}],"curies":[{"name":"wp","href":"https:\/\/api.w.org\/{rel}","templated":true}]}}